{"id":359008,"date":"2022-11-13T12:08:15","date_gmt":"2022-11-13T12:08:15","guid":{"rendered":"https:\/\/servicesforpharmacies.com\/?p=359008"},"modified":"2023-01-18T17:00:20","modified_gmt":"2023-01-18T17:00:20","slug":"seboreja","status":"publish","type":"post","link":"https:\/\/servicesforpharmacies.com\/rs\/seboreja\/","title":{"rendered":"Seboreja"},"content":{"rendered":"\n<p><strong>Seboreja na glavi<\/strong> i <strong>seboreja na licu<\/strong> su termini koji se \u010desto koriste kao drugi naziv za <strong>seboroi\u010dni dermatitis<\/strong>, ali u stvari, <strong>seboreja<\/strong> je stru\u010dni izraz za prekomerno lu\u010denje sebuma lojnih \u017elezda. <\/p>\n\n\n\n<p>U \u010dlanku National Library of Medicine \u201c<a href=\"https:\/\/pubmed.ncbi.nlm.nih.gov\/16382662\/\"><em>The role of sebaceous gland activity and scalp microfloral metabolism in the etiology of seborrheic dermatitis and dandruff<\/em><\/a><em>\u201d<\/em> jasno je istaknuta veza izme\u0111u proizvodnje sebuma \u2013 masti na ko\u017ei glave i pojave peruti i <strong>seboroi\u010dnog dermatitisa<\/strong> na ko\u017ei i ko\u017ei vlasi\u0161ta kod vi\u0161e od 50% odrasle populacije. Ali treba naglasiti da izraz <strong>seboreja<\/strong> ozna\u010dava poja\u010dano lu\u010denje sebuma, a ne <strong>seboroi\u010dni dermatitis<\/strong>.<\/p>\n\n\n\n<p>S druge strane, u \u010dlanku Cleveland Clinic tvrde \u201c<a href=\"https:\/\/my.clevelandclinic.org\/health\/diseases\/14403-seborrheic-dermatitis#:~:text=About%2011%25%20of%20the%20population,Caucasians%20more%20than%20African%20Americans.\"><em>About 11% of the population has seborrheic dermatitis.<\/em><\/a>\u201d da oko 11% stanovni\u0161tva u SAD ima problema sa seboroi\u010dnim dermatitisom. Tako\u0111e, hrvatski sajt Pliva Zdravlje donosi podatak da se \u201c<a href=\"https:\/\/www.plivazdravlje.hr\/aktualno\/clanak\/5811\/Seboroicni-dermatitis.html\"><em>Seboroi\u010dni dermatitis javlja se u oko 2-5% ukupnog stanovni\u0161tva.<\/em><\/a>\u201d&#8230; iz ovoga mo\u017eemo zaklju\u010diti da postoji vi\u0161e teorija u vezi ovoga, ali <strong>iskustva<\/strong> sa <strong>seboreom<\/strong> i <strong>seborei\u010dnim dermatitisom<\/strong> govore da je problem veoma rasprostranjen.<\/p>\n\n\n\n<p>Suva folikularna <strong>seboreja<\/strong> je stanje suve, tanke kose kao rezultat kristalizovane masno\u0107e u folikuli. To je anomalija koja se mo\u017ee pojaviti na glavi ili licu, ali o tome \u0107emo u drugom tekstu.<\/p>\n\n\n\n<p>Uljana <strong>seboreja<\/strong> je, s druge strane, stanje u kojem je masno\u0107a (sebum) te\u010dna i preliva se po vlasi\u0161tu i kosi. Kosa je masna, te\u0161ka, neprijatnog mirisa. Ko\u017ea glave i vlasi\u0161te je masno, a masno\u0107a se izliva od korena do vrhova. Ovo je tipi\u010dna masna kosa.<\/p>\n\n\n\n<p>Ako imate ljuspice peruti na ko\u017ei glave propra\u0107ene svrabom, crvenilom, upalom, onda ste na pravom mestu. Va\u0161 problem nije <strong>seboreja<\/strong>, ve\u0107 <a href=\"https:\/\/servicesforpharmacies.com\/rs\/dermatitis\/\"><strong>seboroi\u010dni dermatitis, seboroi\u010dni dermatitis sa psihosomatskom komponentom ili psihosomatski dermatitis<\/strong>.<\/a><\/p>\n\n\n\n<p>Glavna razlika izme\u0111u peruti i seboreje je u tome \u0161to perut ima karakteristi\u010dan izgled. Sitna je, bele boje i uglavnom masna. Vrlo \u010desto je pra\u0107ena svrabom, dok se na mestima zahva\u0107enim seborejom javlja crvenilo sa pojavom belih ili \u017eutih ljuspica.<\/p>\n\n\n\n<h2 class=\"wp-block-heading\" id=\"h-koja-je-razlika-izmedu-seboreje-seboroicnog-dermatitisa-i-peruti\">Koja je razlika izme\u0111u seboreje, seboroi\u010dnog dermatitisa i peruti?<\/h2>\n\n\n\n<p><strong>Seboreja<\/strong> je poja\u010dano lu\u010denje masno\u0107e od strane lojne \u017elezde, tu je po sredi samo masno\u0107a, i ona ne izaziva svrab.<\/p>\n\n\n\n<p><strong>Perut<\/strong>, koja mo\u017ee biti suva ili seborei\u010dna, odnosno ko\u017ea koja se lju\u0161ti pome\u0161ana sa masno\u0107om, tako\u0111e ne izaziva svrab. Kada je perut u pitanju, ljuskice su karakteristi\u010dno bele, nema crvenila, nema iritacije i svraba.<strong>Seboroi\u010dni dermatitis<\/strong> je hroni\u010dna vrsta upale ko\u017ee, ljuskice su karakteristi\u010dne \u017eu\u0107kaste boje, ve\u0107e su nego kod peruti i jako su zalepljene za ko\u017eu glave. Pored toga, podru\u010dje je crveno, ko\u017ea je iziritirana i svrbi. Seboroi\u010dni dermatitis je hroni\u010dno zapaljenje ko\u017ee koje se javlja na delovima ko\u017ee gde su lojne \u017elezde najbrojnije i najgu\u0161\u0107e.<\/p>\n\n\n\n<h2 class=\"wp-block-heading\" id=\"h-seboroicni-dermatitis\">Seboroi\u010dni dermatitis<\/h2>\n\n\n\n<p><strong>Seboroi\u010dni dermatitis<\/strong>: svrab i perut pra\u0107eni eritemom, pojavom crvenila u centralnom delu glave, koje se mogu pro\u0161iriti iz vlasi\u0161ta i do 1 cm na ko\u017eu \u010dela.<\/p>\n\n\n\n<p>Vrlo \u010desto \u0107ete na internetu nai\u0107i na termin <strong>seboreja na glavi<\/strong> kao sinonim za <strong>seboroi\u010dni dermatitis<\/strong>. Ali ako koristimo ispravnu stru\u010dnu terminologiju, <strong>seboroi\u010dni dermatitis<\/strong> je ispravan termin za ovo stanje, dok <strong>seboreja na glavi<\/strong> ozna\u010dava poja\u010dano lu\u010denje sebuma na glavi, kao \u0161to smo ve\u0107 pisali u uvodnom delu ovog teksta.<\/p>\n\n\n\n<p>Ali <strong>seboreja<\/strong>, kao poja\u010dano lu\u010denje sebuma preko lojnih \u017elezda, bilo da je suvog ili masnog tipa, glavni je uzrok za nastanak peruti i seboroi\u010dnog dermatitisa, zbog \u010dega se u stru\u010dnim \u010dlancima ovo \u010desto povezuje.<\/p>\n\n\n\n<p>Kod <strong>seboroi\u010dnog dermatitisa<\/strong>, svrab i eritem na ko\u017ei glave nastaju oksidacijom masnih kiselina, ali samo kada procenat gljivice pityrosporum ovale (<em>Malassezia u D\/SD<\/em>) dostigne dovoljno veliki udeo u bakterijskoj flori (83%).<\/p>\n\n\n\n<p>Bakterijska flora je prirodna za\u0161tita ko\u017ee glave, koju \u010dine znoj, loj (sebum), mrtve \u0107elije, fiziolo\u0161ke bakterije i gljivice (me\u0111u njima pityrosporum ovale &#8211; <em>Malassezia u D\/SD<\/em>) i druge masno\u0107e koje proizvodi ko\u017ea. Kada je u ravnote\u017ei, ima samosterilizuju\u0107e i germicidno dejstvo.<\/p>\n\n\n\n<p>Kada imamo suvu perut, procenat gljivice pityrosporum ovale na ko\u017ei glave prelazi normalan procenat bakterijske flore od 40%. Kod masne peruti, ovaj procenat prelazi 73%. Ni suva ni masna perut ne izazivaju svrab. Svrab i eritem su znaci <strong>seboroi\u010dnog dermatitisa<\/strong>.<\/p>\n\n\n\n<p>Kada pityrosporum ovale dostigne 83% bakterijske flore, osloba\u0111a masne kiseline iz sebuma. One oksidiraju i postaju veoma iritantne za ko\u017eu glave, izazivaju\u0107i eritem i svrab.<\/p>\n\n\n\n<p>Kod <strong>seboroi\u010dnog dermatitisa<\/strong>, eritem je koncentrisan samo u centralnom delu vlasi\u0161ta. U najte\u017eim slu\u010dajevima, eritem, crvenilo i svrab se \u0161ire izvan vlasi\u0161ta na ko\u017eu \u010dela.<\/p>\n\n\n\n<h2 class=\"wp-block-heading\" id=\"h-seboreja-na-licu\">Seboreja na licu<\/h2>\n\n\n<div class=\"wp-block-image\">\n<figure class=\"aligncenter size-full\"><img loading=\"lazy\" decoding=\"async\" width=\"600\" height=\"315\" src=\"https:\/\/servicesforpharmacies.com\/wp-content\/uploads\/2022\/11\/Seboreja-na-licu-oko-usana-i-nosa.png\" alt=\"Seboreja na licu oko usana i nosa\" class=\"wp-image-359024\" srcset=\"https:\/\/servicesforpharmacies.com\/wp-content\/uploads\/2022\/11\/Seboreja-na-licu-oko-usana-i-nosa.png 600w, https:\/\/servicesforpharmacies.com\/wp-content\/uploads\/2022\/11\/Seboreja-na-licu-oko-usana-i-nosa-300x158.png 300w, https:\/\/servicesforpharmacies.com\/wp-content\/uploads\/2022\/11\/Seboreja-na-licu-oko-usana-i-nosa-95x50.png 95w\" sizes=\"auto, (max-width: 600px) 100vw, 600px\" \/><\/figure>\n<\/div>\n\n\n<p><strong>Seboreja na licu<\/strong> je pravilno stru\u010dno zna\u010denje za poja\u010dano lu\u010denje sebuma i javlja se uglavnom na delovima lica gde ima najvi\u0161e lojnih \u017elezda, odnosno na \u010delu, nosu i bradi. U ovim delovima je koncentracija lojnih \u017elezda najve\u0107a, odnosno same \u017elezde su ve\u0107e, pa se i lu\u010di ve\u0107a koli\u010dina sebuma.<\/p>\n\n\n\n<p><strong>Seboreja na licu<\/strong> je termin koji ljudi \u010desto koriste za <strong>seboroi\u010dni dermatitis<\/strong> na licu ili <strong>seboroi\u010dni dermatitis sa psihosomatskom komponentom<\/strong>. Dakle, u ovom poglavlju \u0107emo se fokusirati na tu temu, jer ste verovatno na taj na\u010din radili pretra\u017eivanje.<\/p>\n\n\n<div class=\"wp-block-image\">\n<figure class=\"aligncenter size-full\"><img loading=\"lazy\" decoding=\"async\" width=\"600\" height=\"315\" src=\"https:\/\/servicesforpharmacies.com\/wp-content\/uploads\/2022\/11\/Seboreja-na-licu-obrve.png\" alt=\"Seboreja na licu - obrve\" class=\"wp-image-359035\" srcset=\"https:\/\/servicesforpharmacies.com\/wp-content\/uploads\/2022\/11\/Seboreja-na-licu-obrve.png 600w, https:\/\/servicesforpharmacies.com\/wp-content\/uploads\/2022\/11\/Seboreja-na-licu-obrve-300x158.png 300w, https:\/\/servicesforpharmacies.com\/wp-content\/uploads\/2022\/11\/Seboreja-na-licu-obrve-95x50.png 95w\" sizes=\"auto, (max-width: 600px) 100vw, 600px\" \/><\/figure>\n<\/div>\n\n\n<p>Ali <strong>seboreja na licu<\/strong> (ili pravilno stru\u010dno re\u010deno <strong>seboroi\u010dni dermatitis na licu<\/strong>) mo\u017ee biti prisutna i na slepoo\u010dnicama, na obrvama i trepavicama, na grudnoj kosti, izme\u0111u lopatica i na drugim delovima tela kada je u <strong>pitanju seboroi\u010dni dermatitis sa psihosomatskom komponentom<\/strong>.<\/p>\n\n\n\n<p><strong>Slike seboreje na licu<\/strong> ili <strong>seboroi\u010dnog dermatitisa na licu<\/strong> u ovoj galeriji mogu potvrditi da li ste na pravom mestu, ali imajte na umu da se problem mo\u017ee pojaviti na svim ovim mestima, ili samo na nekim.<\/p>\n\n\n\n<p><strong>Seboreja na licu<\/strong> ili <strong>seboroi\u010dni dermatitis na licu<\/strong> mo\u017ee biti razli\u010ditog intenziteta, zavisno od osobe do osobe, tako da stanje ne mora da bude toliko izra\u017eeno kao na ovim slikama.<\/p>\n\n\n<div class=\"wp-block-image\">\n<figure class=\"aligncenter size-full\"><img loading=\"lazy\" decoding=\"async\" width=\"600\" height=\"315\" src=\"https:\/\/servicesforpharmacies.com\/wp-content\/uploads\/2022\/11\/Seboreja-na-licu-celo-i-obrve.png\" alt=\"Seboreja na licu celo i obrve\" class=\"wp-image-359115\" srcset=\"https:\/\/servicesforpharmacies.com\/wp-content\/uploads\/2022\/11\/Seboreja-na-licu-celo-i-obrve.png 600w, https:\/\/servicesforpharmacies.com\/wp-content\/uploads\/2022\/11\/Seboreja-na-licu-celo-i-obrve-300x158.png 300w, https:\/\/servicesforpharmacies.com\/wp-content\/uploads\/2022\/11\/Seboreja-na-licu-celo-i-obrve-95x50.png 95w\" sizes=\"auto, (max-width: 600px) 100vw, 600px\" \/><figcaption class=\"wp-element-caption\">Seboreja na licu celo i obrve<\/figcaption><\/figure>\n<\/div>\n\n<div class=\"wp-block-image\">\n<figure class=\"aligncenter size-full\"><img loading=\"lazy\" decoding=\"async\" width=\"600\" height=\"315\" src=\"https:\/\/servicesforpharmacies.com\/wp-content\/uploads\/2022\/11\/Seboreja-na-nosu-1.png\" alt=\"Seboreja na nosu\" class=\"wp-image-359139\" srcset=\"https:\/\/servicesforpharmacies.com\/wp-content\/uploads\/2022\/11\/Seboreja-na-nosu-1.png 600w, https:\/\/servicesforpharmacies.com\/wp-content\/uploads\/2022\/11\/Seboreja-na-nosu-1-300x158.png 300w, https:\/\/servicesforpharmacies.com\/wp-content\/uploads\/2022\/11\/Seboreja-na-nosu-1-95x50.png 95w\" sizes=\"auto, (max-width: 600px) 100vw, 600px\" \/><figcaption class=\"wp-element-caption\">Seboreja na nosu<\/figcaption><\/figure>\n<\/div>\n\n\n<h2 class=\"wp-block-heading\" id=\"h-seboroicni-dermatitis-krema-za-lice\">Seboroi\u010dni dermatitis &#8211; krema za lice<\/h2>\n\n\n<div class=\"wp-block-image\">\n<figure class=\"aligncenter size-full\"><img loading=\"lazy\" decoding=\"async\" width=\"600\" height=\"315\" src=\"https:\/\/servicesforpharmacies.com\/wp-content\/uploads\/2022\/11\/Seboroic\u030cni-dermatitis-krema-za-lice.png\" alt=\"Seboroi\u010dni dermatitis - krema za lice\" class=\"wp-image-359050\" srcset=\"https:\/\/servicesforpharmacies.com\/wp-content\/uploads\/2022\/11\/Seboroic\u030cni-dermatitis-krema-za-lice.png 600w, https:\/\/servicesforpharmacies.com\/wp-content\/uploads\/2022\/11\/Seboroic\u030cni-dermatitis-krema-za-lice-300x158.png 300w, https:\/\/servicesforpharmacies.com\/wp-content\/uploads\/2022\/11\/Seboroic\u030cni-dermatitis-krema-za-lice-95x50.png 95w\" sizes=\"auto, (max-width: 600px) 100vw, 600px\" \/><\/figure>\n<\/div>\n\n\n<p>Seboroi\u010dni dermatitis je relapsiraju\u0107a hroni\u010dna inflamatorna anomalija, koja naj\u010de\u0161\u0107e zahvata seboroi\u010dne delove ko\u017ee sa pove\u0107anom aktivno\u0161\u0107u lojnih \u017elezda. Ova anomalija karakteri\u0161e inflamatorna reakcija, koja uklju\u010duje crvenilo i lju\u0161tenje ko\u017ee na pogo\u0111enim podru\u010dijma. Javlja se \u010de\u0161\u0107e kod mu\u0161karaca nego kod \u017eena, posebno u ranijoj \u017eivotnoj dobi.<\/p>\n\n\n\n<p><strong>Seboroi\u010dni dermatitis<\/strong> je anomalija na ko\u017ei glave koju karakteri\u0161e lju\u0161tenje epiderma, crvenilo, upala i svrab, posebno u centralnom delu vlasi\u0161ta. Kada se pojavi na licu i drugim delovima tela, to se uglavnom de\u0161ava na delovima tela gde je aktivnost lojnih \u017elezda najve\u0107a, odnosno na delovima gde je izlu\u010divanje sebuma ili <strong>seboreja<\/strong> najve\u0107a.<\/p>\n\n\n\n<p>Po pravilu, problem se \u010de\u0161\u0107e javlja kod mu\u0161karaca, jer mu\u0161karci imaju masniju ko\u017eu od \u017eena zbog dejstva androgena, mu\u0161kih polnih hormona. Androgeni (mu\u0161ki polni hormoni) stimuli\u0161u rad lojnih \u017elezda, dok estrogeni (\u017eenski polni hormoni) inhibiraju rad lojnih \u017elezda. Zbog toga \u017eene generalno imaju manje masnu ko\u017eu i vlasi\u0161te od mu\u0161karaca.<\/p>\n\n\n\n<p><strong>Seboroi\u010dni dermatitis<\/strong> nije zarazan i ne prenosi se frizerskim \u010de\u0161ljem.<\/p>\n\n\n\n<p>Seboroi\u010dni dermatitis je dugotrajno stanje. Mo\u017ee potrajati \u010ditav niz ponovljenih tretmana pre nego \u0161to simptomi nestanu. Lo\u0161a strana seboroi\u010dnog dermatitisa je recidiv bez obzira na le\u010denje ili tretman.<\/p>\n\n\n\n<p>Seboroi\u010dni dermatitis je recidivan, odnosno javlja se nekoliko puta u \u017eivotu, \u010dak i ako smo ga uspe\u0161nim tretmanima stavili pod kontrolu. Kao i herpes, ostaje prisutan i u slu\u010daju jakog stresa, smanjenog imuniteta ili psihofizi\u010dke iscrpljenosti, a javlja se ponovo, ponekad u te\u017eem obliku.<\/p>\n\n\n\n<p>\u010cesto se stanje pogor\u0161ava tokom le\u010denja, posebno u prole\u0107e, u istim periodima kao i \u010dir na \u017eelucu. Iskustvo pokazuje da ljudi koji pate od \u010dira na \u017eelucu \u010desto pate i od <strong>seboroi\u010dnog dermatitisa<\/strong>.<\/p>\n\n\n\n<p><strong>Seboreja na licu ili seboroi\u010dni dermatitis na licu<\/strong> tretiraju se razli\u010ditim <strong>kremama za lice<\/strong>. Na tr\u017ei\u0161tu postoji dosta <strong>krema <\/strong>namenjenih <strong>seboreji na licu<\/strong> ili <strong>seboroi\u010dnom dermatitisu<\/strong>, a iskustva kupaca sa njima su razli\u010dita.<\/p>\n\n\n\n<p>Ako \u017eelimo da efikasno le\u010dimo ili tretiramo problem, moramo uvek krenuti od uzroka. Uzrok za <strong>seboreju<\/strong> ili <strong>seboroi\u010dni dermatitis na licu<\/strong> su <strong>gljivice na ko\u017ei<\/strong>. Gljivica pityrosporum ovale (<em>Malassezia in D\/SD<\/em>) prisutna je na ko\u017ei i u vlasi\u0161tu, i hrani se sebumom, odnosno mastima. Kao i sve gljivice, uspeva u vla\u017enom, toplom okru\u017eenju sa dovoljnom koli\u010dinom hrane za svoje razmno\u017eavanje.<\/p>\n\n\n\n<p><strong>Kreme za lice<\/strong> za <strong>seboreju<\/strong> ili <strong>seboroi\u010dni dermatitis<\/strong> moraju imati antimikoti\u010dki (antifungalni) efekat. Drugo, moraju da uklone vi\u0161ak sebuma koji hrani gljivice, ali i da deluju na rezultat, odnosno crvenilo, upalu i svrab.<\/p>\n\n\n\n<p>U predele iza uha, izme\u0111u nosa i usana, ivice kapaka i koren nosa, 2 do 3 puta na dan se utrljava 1%\u2013tna kortizolska krema. Kada je situacija pod kontrolom, tada se nano\u0161enje kreme smanjuje na jednom dnevno.<\/p>\n\n\n\n<p>Aktivni sastojci u <strong>kremama i losionima za lice<\/strong> koji deluju antimikotski su \u010dajevac (meleleuca alternifoglia), kajeput (melaleuca leucadendra), derivat olaminske kiseline i razni kortikosteroidi ili kortizolske kreme.<\/p>\n\n\n\n<p>Kortikosteroidi i kortizolske <strong>kreme i losioni za lice<\/strong> za <strong>seboreju na licu ili seboroi\u010dni dermatitis na licu<\/strong> vrlo su delotvorne, ali ne mogu se koristiti neprekidno, i ako preteramo sa njihovim kori\u0161\u0107enjem, s vremenom nemaju vi\u0161e u\u010dinka jer naru\u0161e prirodnu za\u0161titu ko\u017ee (bakterijsku floru).<\/p>\n\n\n\n<p>U prirodnim <strong>kremama i losionima za lice<\/strong> za <strong>seboreju na licu ili seboroi\u010dni dermatitis na licu<\/strong> \u010desto se koristi \u010dajevac &#8211; Tea tree (meleleuca alternifoglia), koji osim \u0161to ima antimikotsko dejstvo, ima i dermopre\u010di\u0161\u0107avaju\u0107e dejstvo, odnosno uklanja vi\u0161ak masno\u0107e sa ko\u017ee. Ali to nije uvek dovoljno, jer je potrebno delovati na proizvodnju sebuma sebonormalizuju\u0107im aktivnim sastojcima, kao \u0161to je salama-drva (kigelia africana). Na ovaj na\u010din se smanjuje lu\u010denje sebuma, a time i smanjuje koli\u010dina hrane za gljivicu pityrosporum ovale (<em>Malassezia u D\/SD<\/em>).<\/p>\n\n\n\n<p>Raznovrsni su sastojci <strong>losiona i krema za lice<\/strong> za <strong>seboreju na licu ili seboroi\u010dni dermatitis na licu<\/strong> koji deluju umiruju\u0107e, protiv crvenila, svraba i protiv upale.<\/p>\n\n\n\n<p>Manje prirodni sastojci u <strong>kremama za lice<\/strong> za <strong>seboroi\u010dni dermatitis<\/strong> su na primer kortikosteroidi, a me\u0111u njih spadaju na primer ketokonazol, mikonazol, metronidazol. Neophodno je uvek imati na umu da su to sinteti\u010dke kopije kortizola (hormona nadbubre\u017ene \u017elezde), koji deluje protivupalno, te ih kao takve ne treba zloupotrebljavati. Ne treba ih koristiti vi\u0161e od koli\u010dine prema uputstvu, a dugotrajna upotreba \u010desto dovodi do toga da se ko\u017ea navikne, pa se na taj na\u010din smanjuje ili gubi efikasnost.<\/p>\n\n\n\n<p>Delimi\u010dno prirodni sastojci kao \u0161to su derivati olaminske kiseline (piroctone olamenine) i prirodni sastojci kao \u0161to su hamamelis, ulje slatkog badema, ovas, morski kolagen, hmelj itd. mogu biti dobra alternativa jer se mogu koristiti kontinuirano i \u010desto su dovoljni, posebno kada su u pitanju bla\u017ei oblici anomalije.<\/p>\n\n\n\n<p><strong>Iskustva<\/strong> pokazuju da je morski kolagen jedan od najboljih aktivnih sastojaka u <strong>kremama i losionima <\/strong>za <strong>seboreju na licu ili seborei\u010dni dermatitis na licu<\/strong>, jer sadr\u017ei veliku koli\u010dinu omega 3 masnih kiselina koje deluju protivupalno, protiv svraba, protiv -crvenilo i umiruju\u0107e.<\/p>\n\n\n\n<p>Isto tako, <strong>iskustva<\/strong> sa <strong>kremama i losionima za seboreju na licu ili seborei\u010dni dermatitis na licu<\/strong> pokazuju da \u010desto krema<strong> <\/strong>nije najbolje re\u0161enje, jer je previ\u0161e masna.<\/p>\n\n\n\n<p>Pogotovo \u0161to <strong>seboreja<\/strong> ili <strong>seboroi\u010dni dermatitis sa psihosomatskom komponentom<\/strong> karakteri\u0161e velika koli\u010dina masno\u0107e, pa stoga <strong>emulzija u kremi<\/strong> nije najbolje re\u0161enje. Kapi ili serumi su se pokazali kao pogodniji za le\u010denje problema na licu, posebno kada su koncentrati u kapima sa visokom koncentracijom aktivnih sastojaka.<\/p>\n\n\n\n<h2 class=\"wp-block-heading\" id=\"h-seboreja-na-glavi\">Seboreja na glavi<\/h2>\n\n\n<div class=\"wp-block-image\">\n<figure class=\"aligncenter size-full\"><img loading=\"lazy\" decoding=\"async\" width=\"600\" height=\"315\" src=\"https:\/\/servicesforpharmacies.com\/wp-content\/uploads\/2022\/11\/Seboreja-na-glavi.png\" alt=\"Seboreja na glavi\" class=\"wp-image-359063\" srcset=\"https:\/\/servicesforpharmacies.com\/wp-content\/uploads\/2022\/11\/Seboreja-na-glavi.png 600w, https:\/\/servicesforpharmacies.com\/wp-content\/uploads\/2022\/11\/Seboreja-na-glavi-300x158.png 300w, https:\/\/servicesforpharmacies.com\/wp-content\/uploads\/2022\/11\/Seboreja-na-glavi-95x50.png 95w\" sizes=\"auto, (max-width: 600px) 100vw, 600px\" \/><\/figure>\n<\/div>\n\n\n<p><strong>Seboreja na glavi<\/strong>: ljuspice, svrab, zapaljenje i crvenilo na centralnom delu glave ili <strong>seboroi\u010dni dermatitis<\/strong>. Slike pokazuju da je problem prisutan u centralnom delu glave, gde je najve\u0107a koncentracija lojnih \u017elezda.<\/p>\n\n\n\n<p>Uzro\u010dnik je gljivica pityrosporum ovalis ili Malassezia, koja se hrani sebumom (masno\u0107om) i mo\u017ee da dostigne 83% bakterijske flore na ko\u017ei glave. <a href=\"https:\/\/en.wikipedia.org\/wiki\/Malassezia\">\u2192<\/a><\/p>\n\n\n\n<p>Mnogi ljudi brkaju perut i seboreju. U oba slu\u010daja to su ko\u017ene pojave koji se naj\u010de\u0161\u0107e javljaju na ko\u017ei glave. One predstavljaju estetski problem, ali mogu biti i veoma neprijatne zbog svih simptoma koji ih prate. Glavna razlika izme\u0111u peruti i seboreje je u tome \u0161to perut ima karakteristi\u010dan izgled. Mala je, bele boje i uglavnom masna. Vrlo \u010desto je pra\u0107ena svrabom, dok se na mestima zahva\u0107enim seborejom javlja crvenilo sa pojavom belih ili \u017eutih ljuspica.<\/p>\n\n\n\n<p>Kao \u0161to smo ve\u0107 pisali u gornjim poglavljima, ljudi \u010desto me\u0161aju <strong>perut<\/strong> i <strong>seboreju na glavi<\/strong> ili <strong>seboroi\u010dni dermatitis<\/strong>.<\/p>\n\n\n\n<p><strong>Perut<\/strong> karakteri\u0161u ljuspice sa ili bez masti, ali potpuno bez upale, crvenila i svraba. S druge strane, <strong>seboreju na glavi<\/strong> ili <strong>seboroi\u010dni dermatitis<\/strong> karakteri\u0161e crvenilo, upala i svrab, posebno u centralnom delu glave sa \u017eu\u0107kastim ljuskama koje su jako zalepljene za ko\u017eu glave.<\/p>\n\n\n\n<h2 class=\"wp-block-heading\" id=\"h-krastice-na-glavi\">Krastice na glavi<\/h2>\n\n\n\n<p>Krastice na glavi, pored estetskog problema, mogu izazvati jak svrab koji \u010doveka iritira i kvari raspolo\u017eenje. Svrab \u010desto mo\u017ee biti veoma neprijatan, a sa svakim narednim \u010de\u0161anjem svrab se poja\u010dava, odnosno krastice se pove\u0107avaju i postaju sve ve\u0107i problem.<\/p>\n\n\n\n<p><strong>Krastice i kraste na glavi<\/strong> su uglavnom posledica \u010de\u0161anja usled svraba na ko\u017ei glave. Uzroke problema smo op\u0161irno opisali u gornjim poglavljima, ali grebanje i samim tim stvaranje <strong>krastica na glavi<\/strong> je problem koji zaslu\u017euje posebnu pa\u017enju.<\/p>\n\n\n\n<p><strong>Kraste na glavi<\/strong> nastaju kao posledica grebanja noktima, jer se time stvaraju ogrebotine i rane koje se mogu dodatno inficirati, gljivice prodiru dublje u ko\u017eu glave, a samim tim se dodatno poja\u010dava problem <strong>seboreje<\/strong> odnosno <strong>seborei\u010dnog dermatitisa<\/strong>.<\/p>\n\n\n\n<p>Ukoliko nas svrbi vlasi\u0161te, potrebno je \u0161to pre upotrebiti preparat protivupalnog, umiruju\u0107eg dejstva kako bi se smanjila potreba za \u010de\u0161anjem. Idealno je izabrati preparat koji uvek mo\u017eemo imati sa sobom i jednostavno naneti na deo koji svrbi umesto \u010de\u0161anja.<\/p>\n\n\n\n<p><strong>Krastice na glavi<\/strong> se mogu izbe\u0107i i \u010de\u0161anjem jagodicama prstiju ili zglobovima prstiju, a nikako noktima.<\/p>\n\n\n\n<p><strong>Psorijaza<\/strong> je veoma rasprostranjen patolo\u0161ki uzrok koji se naj\u010de\u0161\u0107e razvija na vi\u0161e delova tela, u ovom slu\u010daju se pojavljuju bele kore koje tako\u0111e deluju suvo. Ve\u0107inu vremena se ne razlikuje od peruti, glavni simptom je svrab, mo\u017eete koristiti omek\u0161avaju\u0107e proizvode za perut i suvu ko\u017eu da biste ubla\u017eili i kontrolisali poreme\u0107aj.<\/p>\n\n\n\n<p><strong>Kraste na glavi<\/strong> mogu biti i posledica psorijaze, koja je, na\u017ealost, neizle\u010diva ko\u017ena bolest koja se, osim na ko\u017ei glave, javlja i na laktovima, kolenima i drugim zglobovima. Psorijazu karakteri\u0161e bela kora na obolelim delovima, ko\u017ea je izuzetno suva, i kada popuca mo\u017ee da krvari i tako formira <strong>krastice po glavi i telu<\/strong>.<\/p>\n\n\n\n<p>Kao \u0161to smo rekli, ovo je neizle\u010diva bolest, ali su se preparati na bazi kajeputa i morskog kolagena pokazali uspe\u0161nim u ubla\u017eavanju tegobe.<\/p>\n\n\n\n<h2 class=\"wp-block-heading\" id=\"h-gljivice-na-kozi\">Gljivice na ko\u017ei<\/h2>\n\n\n\n<p>Veliki broj razli\u010ditih oblika i vrsta gljivica mo\u017ee izazvati zdravstvene probleme kada probiju odbranu na\u0161eg tela. Pored sistemskih gljivi\u010dnih infekcija (mikoza) koje zahvataju ceo organizam, mnogo su \u010de\u0161\u0107e infekcije kvascima i infekcije plesnima, koje nazivamo <strong>gljivi\u010dnim infekcijama ko\u017ee<\/strong> ili <strong>dermatomikozama<\/strong> (u narodu poznate kao \u201egljivice na ko\u017ei\u201c).<\/p>\n\n\n\n<p><strong>Gljivice na ko\u017ei<\/strong> mogu izazvati razne gljivice (mikoza), kvasci i plesni, a njima se mo\u017eemo zaraziti na javnim mestima kao \u0161to su teretane, svla\u010dionice bazena i sli\u010dno.<strong>Gljivice na ko\u017ei<\/strong> i poreme\u0107aj bakterijske flore, odnosno razvoj fiziolo\u0161ke gljivice pityrosporum ovalis ili Malassezia, nisu isto. Prirodni preparati za ko\u017ene gljivice \u010desto su na bazi \u010dajevca (tea tree) ili kajputa, ali preporu\u010dujemo da se problem re\u0161i ciljanim preparatima nakon konsultacije sa lekarom, farmaceutom ili dermatologom. <a href=\"https:\/\/www.plivazdravlje.hr\/aktualno\/clanak\/19209\/Kako-izgledaju-gljivicne-infekcije-koze-vlasista-i-noktiju.html\">\u2192<\/a><\/p>\n\n\n\n<h2 class=\"wp-block-heading\" id=\"h-gljivice-na-rukama\">Gljivice na rukama<\/h2>\n\n\n\n<p>Ako postoje gljivice na rukama, sigurno se radi o zaraznoj gljivi\u010dnoj infekciji, i \u010desto se me\u0161a sa drugim ko\u017enim oboljenjima koja se pojavljuju na rukama. Dermafiti naj\u010de\u0161\u0107e izazivaju gljivi\u010dne infekcije na rukama. Dermafiti se defini\u0161u kao vrsta gljivica. Gotovo svaka osoba ima odre\u0111eni procenat verovatno\u0107e da \u0107e jednom u \u017eivotu imati gljivice na rukama, ta\u010dnije da \u0107e se razviti gljivi\u010dna infekcija na rukama kod svake osobe.<\/p>\n\n\n\n<p><strong>Gljivice na rukama<\/strong> su rezultat gljivi\u010dne infekcije koja se \u010desto mo\u017ee pome\u0161ati sa drugim promenama na rukama. Dermafiti su vrsta gljivica koje mogu izazvati gljivi\u010dnu infekciju na rukama.<\/p>\n\n\n\n<p><strong>Gljivice na rukama<\/strong> od dermafita su zarazne, naime mo\u017eemo ih dobiti ako smo u kontaktu sa drugim telom na kome je gljivi\u010dna infekcija. To mo\u017ee biti druga osoba, \u017eivotinja, zemlji\u0161te ili druga povr\u0161ina na kojoj se gljivica naselila. Obi\u010dno se pojavljuju na stopalima ili na preponama, ali su gljivice na rukama kao rezultat dermatofitne gljivi\u010dne infekcije tako\u0111e vrlo \u010deste.<\/p>\n\n\n\n<p>Jo\u0161 jedan od naj\u010de\u0161\u0107ih uzroka pojave gljivica na rukama i ove vrste infekcije je grebanje ili dodirivanje drugog dela tela gde postoji gljivi\u010dna infekcija. Naj\u010de\u0161\u0107e se gljivi\u010dne infekcije javljaju na stopalima, ali i u me\u0111uno\u017eju. Me\u0111utim, ako se utvrdi da je uzrok gljivi\u010dne infekcije na rukama upravo dermafitna infekcija, ta\u010dnije \u0161irenje dermafitne gljivi\u010dne infekcije, onda ste je mogli dobiti od druge osobe koja je ima, od zemlje ili zemlju koju ste dodirnuli ili od \u017eivotinje koju ste dodirnuli, ako \u017eivotinja ima gljivi\u010dnu infekciju.<\/p>\n\n\n\n<p>Gljivice na rukama se javljaju sa iritantnim osipom koji svrbi i mo\u017ee zahvatiti jednu ili obe ruke osobe koja je dobila gljivi\u010dnu infekciju. Gljivi\u010dna infekcija naj\u010de\u0161\u0107e po\u010dinje na dlanovima i mo\u017ee se pro\u0161iriti na ostatak \u0161ake i prste obe ruke. Ako imate gljivice na rukama, mo\u017ee do\u0107i do crvenila u vidu kruga na odre\u0111enom delu ko\u017ee, a u sredini tog kruga ko\u017ea izgleda kao da je ozdravila.<\/p>\n\n\n\n<p><strong>Gljivicu na rukama<\/strong> karakteri\u0161e svrab, koji nije posledica <strong>seboroi\u010dnog dermatitisa<\/strong>, ve\u0107 gljivi\u010dne infekcije. Obi\u010dno po\u010dinje na dlanovima, a zatim po\u010dinje da se \u0161iri na druge delove ruke.<\/p>\n\n\n\n<p>\u010cesto se pojavljuje crvenilo u obliku kruga sa centralnim delom koji izgleda kao zarasla rana, plikovi izme\u0111u prstiju ispunjeni providnom te\u010dno\u0161\u0107u. Nakon pucanja plikova pojavljuju se \u017euljevi i promena boje ko\u017ee, \u0161to je posebno vidljivo kod osoba tamnije puti.<\/p>\n\n\n\n<p>Kod <strong>gljivica na rukama<\/strong> ko\u017ea se lju\u0161ti, suva je, i postoji jak svrab, zbog \u010dega ljudi \u010desto misle da je u pitanju dermatitis. Ali kao i kod dermatitisa, uzrok je gljivica koja uspeva na vla\u017enom, toplom mestu, u\u00a0 ovom slu\u010daju je i zarazna.<\/p>\n\n\n\n<p>Neophodno je smanjiti koli\u010dinu vlage na rukama i drugim pogo\u0111enim delovima. Neophodno je dobro osu\u0161iti obolele delove, ako su na stopalima, redovno menjati \u010darape, i koristiti specifi\u010dne antimikoti\u010dke preparate. Dostupni su i oralni lekovi koji se mogu uzimati da deluju na problem iznutra, a ne samo lokalno, ali konsultujte se sa lekarom ili farmaceutom o primeni.<\/p>\n\n\n\n<p>Ovaj simptom se javlja ako ste dobili gljivi\u010dnu infekciju od \u017eivotinje ili sa zemlje koju ste dodirnuli rukama. Mo\u017ee se pojaviti i suva, ljuskava ko\u017ea, mo\u017ee da svrbi, i ovaj svrab se mo\u017ee pro\u0161iriti na ve\u0107e podru\u010dje na rukama.<\/p>\n\n\n\n<p>Tako\u0111e, mali plikovi se mogu pojaviti na prstima ili na dlanovima koji su ispunjeni te\u010dno\u0161\u0107u. Pored toga, mo\u017ee do\u0107i do promene boje ko\u017ee ako imate gljivi\u010dnu infekciju du\u017ee vreme, a ako ne nestane, izaziva jak i iritiraju\u0107i svrab. Ovi simptomi se javljaju naj\u010de\u0161\u0107e nakon \u0161to je infekcija preneta sa osobe na osobu.<\/p>\n","protected":false},"excerpt":{"rendered":"<p>Seboreja na glavi i seboreja na licu su termini koji se \u010desto koriste kao drugi naziv za seboroi\u010dni dermatitis, ali u stvari, seboreja je stru\u010dni izraz za prekomerno lu\u010denje sebuma lojnih \u017elezda. U \u010dlanku National Library of Medicine \u201cThe role of sebaceous gland activity and scalp microfloral metabolism in the etiology of seborrheic dermatitis and&hellip;<\/p>\n","protected":false},"author":1,"featured_media":359009,"comment_status":"open","ping_status":"closed","sticky":false,"template":"","format":"standard","meta":{"_acf_changed":false,"footnotes":""},"categories":[78],"tags":[],"class_list":["post-359008","post","type-post","status-publish","format-standard","has-post-thumbnail","hentry","category-uncategorized-rs"],"acf":[],"yoast_head":"<!-- This site is optimized with the Yoast SEO Premium plugin v22.9 (Yoast SEO v27.0) - https:\/\/yoast.com\/product\/yoast-seo-premium-wordpress\/ -->\n<title>Seboreja | Svrab ili masna kosa? \u0160ta je seboreja a \u0161ta nije...<\/title>\n<meta name=\"description\" content=\"Seboreja je izraz koji se \u0107esto koristi za seborei\u010dni dermatitis... sve \u0161to morate znati o anomaliji i njenom re\u0161enju.\" \/>\n<meta name=\"robots\" content=\"index, follow, max-snippet:-1, max-image-preview:large, max-video-preview:-1\" \/>\n<link rel=\"canonical\" href=\"https:\/\/servicesforpharmacies.com\/rs\/seboreja\/\" \/>\n<meta property=\"og:locale\" content=\"sr_RS\" \/>\n<meta property=\"og:type\" content=\"article\" \/>\n<meta property=\"og:title\" content=\"Seboreja | Svrab ili masna kosa? \u0160ta je seboreja a \u0161ta nije...\" \/>\n<meta property=\"og:description\" content=\"Seboreja je izraz koji se \u0107esto koristi za seborei\u010dni dermatitis... sve \u0161to morate znati o anomaliji i njenom re\u0161enju.\" \/>\n<meta property=\"og:url\" content=\"https:\/\/servicesforpharmacies.com\/rs\/seboreja\/\" \/>\n<meta property=\"og:site_name\" content=\"Services for pharmacies\" \/>\n<meta property=\"article:published_time\" content=\"2022-11-13T12:08:15+00:00\" \/>\n<meta property=\"article:modified_time\" content=\"2023-01-18T17:00:20+00:00\" \/>\n<meta property=\"og:image\" content=\"https:\/\/servicesforpharmacies.com\/wp-content\/uploads\/2022\/11\/Seboreja.png\" \/>\n\t<meta property=\"og:image:width\" content=\"600\" \/>\n\t<meta property=\"og:image:height\" content=\"315\" \/>\n\t<meta property=\"og:image:type\" content=\"image\/png\" \/>\n<meta name=\"author\" content=\"clabs\" \/>\n<meta name=\"twitter:card\" content=\"summary_large_image\" \/>\n<meta name=\"twitter:title\" content=\"Seboreja | Svrab ili masna kosa? \u0160ta je seboreja a \u0161ta nije...\" \/>\n<meta name=\"twitter:label1\" content=\"\u041d\u0430\u043f\u0438\u0441\u0430\u043d\u043e \u043e\u0434\" \/>\n\t<meta name=\"twitter:data1\" content=\"clabs\" \/>\n\t<meta name=\"twitter:label2\" content=\"\u041f\u0440\u043e\u0446\u0435\u045a\u0435\u043d\u043e \u0432\u0440\u0435\u043c\u0435 \u0447\u0438\u0442\u0430\u045a\u0430\" \/>\n\t<meta name=\"twitter:data2\" content=\"15 \u043c\u0438\u043d\u0443\u0442\u0430\" \/>\n<script type=\"application\/ld+json\" class=\"yoast-schema-graph\">{\"@context\":\"https:\/\/schema.org\",\"@graph\":[{\"@type\":\"Article\",\"@id\":\"https:\/\/servicesforpharmacies.com\/rs\/seboreja\/#article\",\"isPartOf\":{\"@id\":\"https:\/\/servicesforpharmacies.com\/rs\/seboreja\/\"},\"author\":{\"name\":\"clabs\",\"@id\":\"https:\/\/servicesforpharmacies.com\/rs\/#\/schema\/person\/ee812c8f6225a5ba7bab6a7d6bfc184d\"},\"headline\":\"Seboreja\",\"datePublished\":\"2022-11-13T12:08:15+00:00\",\"dateModified\":\"2023-01-18T17:00:20+00:00\",\"mainEntityOfPage\":{\"@id\":\"https:\/\/servicesforpharmacies.com\/rs\/seboreja\/\"},\"wordCount\":3351,\"commentCount\":0,\"publisher\":{\"@id\":\"https:\/\/servicesforpharmacies.com\/rs\/#organization\"},\"image\":{\"@id\":\"https:\/\/servicesforpharmacies.com\/rs\/seboreja\/#primaryimage\"},\"thumbnailUrl\":\"https:\/\/servicesforpharmacies.com\/wp-content\/uploads\/2022\/11\/Seboreja.png\",\"articleSection\":[\"Uncategorized @rs\"],\"inLanguage\":\"sr-RS\",\"potentialAction\":[{\"@type\":\"CommentAction\",\"name\":\"Comment\",\"target\":[\"https:\/\/servicesforpharmacies.com\/rs\/seboreja\/#respond\"]}]},{\"@type\":\"WebPage\",\"@id\":\"https:\/\/servicesforpharmacies.com\/rs\/seboreja\/\",\"url\":\"https:\/\/servicesforpharmacies.com\/rs\/seboreja\/\",\"name\":\"Seboreja | Svrab ili masna kosa? \u0160ta je seboreja a \u0161ta nije...\",\"isPartOf\":{\"@id\":\"https:\/\/servicesforpharmacies.com\/rs\/#website\"},\"primaryImageOfPage\":{\"@id\":\"https:\/\/servicesforpharmacies.com\/rs\/seboreja\/#primaryimage\"},\"image\":{\"@id\":\"https:\/\/servicesforpharmacies.com\/rs\/seboreja\/#primaryimage\"},\"thumbnailUrl\":\"https:\/\/servicesforpharmacies.com\/wp-content\/uploads\/2022\/11\/Seboreja.png\",\"datePublished\":\"2022-11-13T12:08:15+00:00\",\"dateModified\":\"2023-01-18T17:00:20+00:00\",\"description\":\"Seboreja je izraz koji se \u0107esto koristi za seborei\u010dni dermatitis... sve \u0161to morate znati o anomaliji i njenom re\u0161enju.\",\"breadcrumb\":{\"@id\":\"https:\/\/servicesforpharmacies.com\/rs\/seboreja\/#breadcrumb\"},\"inLanguage\":\"sr-RS\",\"potentialAction\":[{\"@type\":\"ReadAction\",\"target\":[\"https:\/\/servicesforpharmacies.com\/rs\/seboreja\/\"]}]},{\"@type\":\"ImageObject\",\"inLanguage\":\"sr-RS\",\"@id\":\"https:\/\/servicesforpharmacies.com\/rs\/seboreja\/#primaryimage\",\"url\":\"https:\/\/servicesforpharmacies.com\/wp-content\/uploads\/2022\/11\/Seboreja.png\",\"contentUrl\":\"https:\/\/servicesforpharmacies.com\/wp-content\/uploads\/2022\/11\/Seboreja.png\",\"width\":600,\"height\":315,\"caption\":\"Seboreja\"},{\"@type\":\"BreadcrumbList\",\"@id\":\"https:\/\/servicesforpharmacies.com\/rs\/seboreja\/#breadcrumb\",\"itemListElement\":[{\"@type\":\"ListItem\",\"position\":1,\"name\":\"Home\",\"item\":\"https:\/\/servicesforpharmacies.com\/rs\/\"},{\"@type\":\"ListItem\",\"position\":2,\"name\":\"Seboreja\"}]},{\"@type\":\"WebSite\",\"@id\":\"https:\/\/servicesforpharmacies.com\/rs\/#website\",\"url\":\"https:\/\/servicesforpharmacies.com\/rs\/\",\"name\":\"Services for pharmacies\",\"description\":\"\",\"publisher\":{\"@id\":\"https:\/\/servicesforpharmacies.com\/rs\/#organization\"},\"potentialAction\":[{\"@type\":\"SearchAction\",\"target\":{\"@type\":\"EntryPoint\",\"urlTemplate\":\"https:\/\/servicesforpharmacies.com\/rs\/?s={search_term_string}\"},\"query-input\":{\"@type\":\"PropertyValueSpecification\",\"valueRequired\":true,\"valueName\":\"search_term_string\"}}],\"inLanguage\":\"sr-RS\"},{\"@type\":\"Organization\",\"@id\":\"https:\/\/servicesforpharmacies.com\/rs\/#organization\",\"name\":\"VitalPlusActive Group Ltd\",\"url\":\"https:\/\/servicesforpharmacies.com\/rs\/\",\"logo\":{\"@type\":\"ImageObject\",\"inLanguage\":\"sr-RS\",\"@id\":\"https:\/\/servicesforpharmacies.com\/rs\/#\/schema\/logo\/image\/\",\"url\":\"https:\/\/servicesforpharmacies.com\/wp-content\/uploads\/2020\/07\/logo-eng.jpg\",\"contentUrl\":\"https:\/\/servicesforpharmacies.com\/wp-content\/uploads\/2020\/07\/logo-eng.jpg\",\"width\":398,\"height\":90,\"caption\":\"VitalPlusActive Group Ltd\"},\"image\":{\"@id\":\"https:\/\/servicesforpharmacies.com\/rs\/#\/schema\/logo\/image\/\"}},{\"@type\":\"Person\",\"@id\":\"https:\/\/servicesforpharmacies.com\/rs\/#\/schema\/person\/ee812c8f6225a5ba7bab6a7d6bfc184d\",\"name\":\"clabs\",\"image\":{\"@type\":\"ImageObject\",\"inLanguage\":\"sr-RS\",\"@id\":\"https:\/\/servicesforpharmacies.com\/rs\/#\/schema\/person\/image\/\",\"url\":\"https:\/\/secure.gravatar.com\/avatar\/3e06d065f90717b29da11d0b7ac31c1c7ac11d67ed594545fc83d68990ac6e80?s=96&d=mm&r=g\",\"contentUrl\":\"https:\/\/secure.gravatar.com\/avatar\/3e06d065f90717b29da11d0b7ac31c1c7ac11d67ed594545fc83d68990ac6e80?s=96&d=mm&r=g\",\"caption\":\"clabs\"}}]}<\/script>\n<!-- \/ Yoast SEO Premium plugin. -->","yoast_head_json":{"title":"Seboreja | Svrab ili masna kosa? \u0160ta je seboreja a \u0161ta nije...","description":"Seboreja je izraz koji se \u0107esto koristi za seborei\u010dni dermatitis... sve \u0161to morate znati o anomaliji i njenom re\u0161enju.","robots":{"index":"index","follow":"follow","max-snippet":"max-snippet:-1","max-image-preview":"max-image-preview:large","max-video-preview":"max-video-preview:-1"},"canonical":"https:\/\/servicesforpharmacies.com\/rs\/seboreja\/","og_locale":"sr_RS","og_type":"article","og_title":"Seboreja | Svrab ili masna kosa? \u0160ta je seboreja a \u0161ta nije...","og_description":"Seboreja je izraz koji se \u0107esto koristi za seborei\u010dni dermatitis... sve \u0161to morate znati o anomaliji i njenom re\u0161enju.","og_url":"https:\/\/servicesforpharmacies.com\/rs\/seboreja\/","og_site_name":"Services for pharmacies","article_published_time":"2022-11-13T12:08:15+00:00","article_modified_time":"2023-01-18T17:00:20+00:00","og_image":[{"width":600,"height":315,"url":"https:\/\/servicesforpharmacies.com\/wp-content\/uploads\/2022\/11\/Seboreja.png","type":"image\/png"}],"author":"clabs","twitter_card":"summary_large_image","twitter_title":"Seboreja | Svrab ili masna kosa? \u0160ta je seboreja a \u0161ta nije...","twitter_misc":{"\u041d\u0430\u043f\u0438\u0441\u0430\u043d\u043e \u043e\u0434":"clabs","\u041f\u0440\u043e\u0446\u0435\u045a\u0435\u043d\u043e \u0432\u0440\u0435\u043c\u0435 \u0447\u0438\u0442\u0430\u045a\u0430":"15 \u043c\u0438\u043d\u0443\u0442\u0430"},"schema":{"@context":"https:\/\/schema.org","@graph":[{"@type":"Article","@id":"https:\/\/servicesforpharmacies.com\/rs\/seboreja\/#article","isPartOf":{"@id":"https:\/\/servicesforpharmacies.com\/rs\/seboreja\/"},"author":{"name":"clabs","@id":"https:\/\/servicesforpharmacies.com\/rs\/#\/schema\/person\/ee812c8f6225a5ba7bab6a7d6bfc184d"},"headline":"Seboreja","datePublished":"2022-11-13T12:08:15+00:00","dateModified":"2023-01-18T17:00:20+00:00","mainEntityOfPage":{"@id":"https:\/\/servicesforpharmacies.com\/rs\/seboreja\/"},"wordCount":3351,"commentCount":0,"publisher":{"@id":"https:\/\/servicesforpharmacies.com\/rs\/#organization"},"image":{"@id":"https:\/\/servicesforpharmacies.com\/rs\/seboreja\/#primaryimage"},"thumbnailUrl":"https:\/\/servicesforpharmacies.com\/wp-content\/uploads\/2022\/11\/Seboreja.png","articleSection":["Uncategorized @rs"],"inLanguage":"sr-RS","potentialAction":[{"@type":"CommentAction","name":"Comment","target":["https:\/\/servicesforpharmacies.com\/rs\/seboreja\/#respond"]}]},{"@type":"WebPage","@id":"https:\/\/servicesforpharmacies.com\/rs\/seboreja\/","url":"https:\/\/servicesforpharmacies.com\/rs\/seboreja\/","name":"Seboreja | Svrab ili masna kosa? \u0160ta je seboreja a \u0161ta nije...","isPartOf":{"@id":"https:\/\/servicesforpharmacies.com\/rs\/#website"},"primaryImageOfPage":{"@id":"https:\/\/servicesforpharmacies.com\/rs\/seboreja\/#primaryimage"},"image":{"@id":"https:\/\/servicesforpharmacies.com\/rs\/seboreja\/#primaryimage"},"thumbnailUrl":"https:\/\/servicesforpharmacies.com\/wp-content\/uploads\/2022\/11\/Seboreja.png","datePublished":"2022-11-13T12:08:15+00:00","dateModified":"2023-01-18T17:00:20+00:00","description":"Seboreja je izraz koji se \u0107esto koristi za seborei\u010dni dermatitis... sve \u0161to morate znati o anomaliji i njenom re\u0161enju.","breadcrumb":{"@id":"https:\/\/servicesforpharmacies.com\/rs\/seboreja\/#breadcrumb"},"inLanguage":"sr-RS","potentialAction":[{"@type":"ReadAction","target":["https:\/\/servicesforpharmacies.com\/rs\/seboreja\/"]}]},{"@type":"ImageObject","inLanguage":"sr-RS","@id":"https:\/\/servicesforpharmacies.com\/rs\/seboreja\/#primaryimage","url":"https:\/\/servicesforpharmacies.com\/wp-content\/uploads\/2022\/11\/Seboreja.png","contentUrl":"https:\/\/servicesforpharmacies.com\/wp-content\/uploads\/2022\/11\/Seboreja.png","width":600,"height":315,"caption":"Seboreja"},{"@type":"BreadcrumbList","@id":"https:\/\/servicesforpharmacies.com\/rs\/seboreja\/#breadcrumb","itemListElement":[{"@type":"ListItem","position":1,"name":"Home","item":"https:\/\/servicesforpharmacies.com\/rs\/"},{"@type":"ListItem","position":2,"name":"Seboreja"}]},{"@type":"WebSite","@id":"https:\/\/servicesforpharmacies.com\/rs\/#website","url":"https:\/\/servicesforpharmacies.com\/rs\/","name":"Services for pharmacies","description":"","publisher":{"@id":"https:\/\/servicesforpharmacies.com\/rs\/#organization"},"potentialAction":[{"@type":"SearchAction","target":{"@type":"EntryPoint","urlTemplate":"https:\/\/servicesforpharmacies.com\/rs\/?s={search_term_string}"},"query-input":{"@type":"PropertyValueSpecification","valueRequired":true,"valueName":"search_term_string"}}],"inLanguage":"sr-RS"},{"@type":"Organization","@id":"https:\/\/servicesforpharmacies.com\/rs\/#organization","name":"VitalPlusActive Group Ltd","url":"https:\/\/servicesforpharmacies.com\/rs\/","logo":{"@type":"ImageObject","inLanguage":"sr-RS","@id":"https:\/\/servicesforpharmacies.com\/rs\/#\/schema\/logo\/image\/","url":"https:\/\/servicesforpharmacies.com\/wp-content\/uploads\/2020\/07\/logo-eng.jpg","contentUrl":"https:\/\/servicesforpharmacies.com\/wp-content\/uploads\/2020\/07\/logo-eng.jpg","width":398,"height":90,"caption":"VitalPlusActive Group Ltd"},"image":{"@id":"https:\/\/servicesforpharmacies.com\/rs\/#\/schema\/logo\/image\/"}},{"@type":"Person","@id":"https:\/\/servicesforpharmacies.com\/rs\/#\/schema\/person\/ee812c8f6225a5ba7bab6a7d6bfc184d","name":"clabs","image":{"@type":"ImageObject","inLanguage":"sr-RS","@id":"https:\/\/servicesforpharmacies.com\/rs\/#\/schema\/person\/image\/","url":"https:\/\/secure.gravatar.com\/avatar\/3e06d065f90717b29da11d0b7ac31c1c7ac11d67ed594545fc83d68990ac6e80?s=96&d=mm&r=g","contentUrl":"https:\/\/secure.gravatar.com\/avatar\/3e06d065f90717b29da11d0b7ac31c1c7ac11d67ed594545fc83d68990ac6e80?s=96&d=mm&r=g","caption":"clabs"}}]}},"_links":{"self":[{"href":"https:\/\/servicesforpharmacies.com\/rs\/wp-json\/wp\/v2\/posts\/359008","targetHints":{"allow":["GET"]}}],"collection":[{"href":"https:\/\/servicesforpharmacies.com\/rs\/wp-json\/wp\/v2\/posts"}],"about":[{"href":"https:\/\/servicesforpharmacies.com\/rs\/wp-json\/wp\/v2\/types\/post"}],"author":[{"embeddable":true,"href":"https:\/\/servicesforpharmacies.com\/rs\/wp-json\/wp\/v2\/users\/1"}],"replies":[{"embeddable":true,"href":"https:\/\/servicesforpharmacies.com\/rs\/wp-json\/wp\/v2\/comments?post=359008"}],"version-history":[{"count":0,"href":"https:\/\/servicesforpharmacies.com\/rs\/wp-json\/wp\/v2\/posts\/359008\/revisions"}],"wp:featuredmedia":[{"embeddable":true,"href":"https:\/\/servicesforpharmacies.com\/rs\/wp-json\/wp\/v2\/media\/359009"}],"wp:attachment":[{"href":"https:\/\/servicesforpharmacies.com\/rs\/wp-json\/wp\/v2\/media?parent=359008"}],"wp:term":[{"taxonomy":"category","embeddable":true,"href":"https:\/\/servicesforpharmacies.com\/rs\/wp-json\/wp\/v2\/categories?post=359008"},{"taxonomy":"post_tag","embeddable":true,"href":"https:\/\/servicesforpharmacies.com\/rs\/wp-json\/wp\/v2\/tags?post=359008"}],"curies":[{"name":"wp","href":"https:\/\/api.w.org\/{rel}","templated":true}]}}