{"id":359158,"date":"2022-11-13T19:04:17","date_gmt":"2022-11-13T19:04:17","guid":{"rendered":"https:\/\/servicesforpharmacies.com\/seboreja\/"},"modified":"2022-11-13T19:26:03","modified_gmt":"2022-11-13T19:26:03","slug":"seboreja","status":"publish","type":"post","link":"https:\/\/servicesforpharmacies.com\/ba\/seboreja\/","title":{"rendered":"Seboreja"},"content":{"rendered":"\n<p><strong>Seboreja na glavi<\/strong> i <strong>seboreja na licu <\/strong>su izrazi koji se \u010desto koriste kao definicija za <strong>seboroi\u010dni dermatitis<\/strong> &#8230; <strong>Seboreja<\/strong> je stru\u010dni izraz za prekomjerno lu\u010denje sebuma kojega lu\u010de lojne \u017elijezde.<\/p>\n\n\n\n<p>U \u010dlanku National library of medicine \u201c<a href=\"https:\/\/pubmed.ncbi.nlm.nih.gov\/16382662\/\"><em>The role of sebaceous gland activity and scalp microfloral metabolism in the etiology of seborrheic dermatitis and dandruff<\/em><\/a><em>\u201d <\/em>jasno je istaknuta veza izme\u0111u proizvodnje sebuma &#8211; masno\u0107e na tjemenu i pojave peruti, <strong>seboroi\u010dnog dermatitisa <\/strong>na tjemenu i ko\u017ei i to u vi\u0161e nego 50% odrasle populacije. Ali, potrebno je naglasiti da izraz <strong>seboreja<\/strong> zna\u010di pove\u0107ano izlu\u010divanje sebuma, a ne <strong>seboroi\u010dni dermatitis<\/strong>.<\/p>\n\n\n\n<p>S druge strane, u \u010dlanku Cleveland clinic tvrde \u201c<a href=\"https:\/\/my.clevelandclinic.org\/health\/diseases\/14403-seborrheic-dermatitis#:~:text=About%2011%25%20of%20the%20population,Caucasians%20more%20than%20African%20Americans.\"><em>About 11% of the population has seborrheic dermatitis.<\/em><\/a>\u201d,&nbsp; dok Hrvatska stranica Pliva Zdravlje navodi \u201c<a href=\"https:\/\/www.plivazdravlje.hr\/aktualno\/clanak\/5811\/Seboroicni-dermatitis.html\"><em>Seboroi\u010dni dermatitis javlja se u oko 2-5% ukupnog stanovni\u0161tva.<\/em><\/a>\u201d \u2026 Iz toga mo\u017eemo zaklju\u010diti da je u tom pogledu vi\u0161e teorija, ali i <strong>iskustava<\/strong> sa <strong>seborejom<\/strong> i <strong>seboroi\u010dnim dermatitisom<\/strong>, i da je problem jako ra\u0161iren &#8230;<\/p>\n\n\n\n<p>Suha folikularna <strong>seboreja<\/strong> je stanje suhe, tanke kose kao posljedica kristalizirane masno\u0107e u folikuli. To je anomalija koja se mo\u017ee pojaviti na glavi ili na licu, ali \u0107emo o njoj govoriti u nekom drugom tekstu.<\/p>\n\n\n\n<p>Uljna <strong>seboreja<\/strong> s druge strane je stanje kada je masno\u0107a (sebum) te\u010dna i razlijeva se po tjemenu i po kosi. Kosa je masna, te\u0161ka i neugodnog mirisa. Tjeme je masno, prekriveno masno\u0107om i masno\u0107a se razlijeva od korijena do vrhova kose. U pitanju je tipi\u010dna masna kosa.<\/p>\n\n\n\n<p>Ako na vlasi\u0161tu imate ljuspice peruti, uz svrab, crvenilo i upalu, onda ste na pravom mjestu. Va\u0161 problem nije <strong>seboreja<\/strong> nego <strong><a href=\"https:\/\/servicesforpharmacies.com\/ba\/dermatitis\/\">seboroi\u010dni dermatitis, seboroi\u010dni dermatitis sa psihosomatskom komponentom ili psihosomatski dermatitis.<\/a><\/strong><\/p>\n\n\n\n<h2 class=\"wp-block-heading\" id=\"h-koja-je-razlika-izmedu-seboreje-seboroicnog-dermatitisa-i-peruti\">Koja je razlika izme\u0111u <strong>seboreje<\/strong>, <strong>seboroi\u010dnog dermatitisa<\/strong> i <strong>peruti<\/strong>?<\/h2>\n\n\n\n<p><strong>Seboreja<\/strong> je poja\u010dano izlu\u010divanje masno\u0107e koje lu\u010de lojne \u017elijezde, tj. u pitanju je samo masno\u0107a i ona ne uzrokuje svrab.<\/p>\n\n\n\n<p><strong>Perut<\/strong>, koja mo\u017ee biti suha ili seboroi\u010dna, tj. ljuspanje ko\u017ee je pomije\u0161ano sa masno\u0107om, isto tako ne uzrokuje svrab. Kada je u pitanju perut, to su ljuspice karakteristi\u010dne bijele boje, nema crvenila, nema iritacija i nema svraba.<\/p>\n\n\n\n<p><strong>Seboroi\u010dni dermatitis<\/strong> je upala ko\u017ee hroni\u010dnog tipa, ljuspice su karakteristi\u010dno \u017eu\u0107kaste boje, ve\u0107e su nego kod peruti, jako su zalijepljene za vlasi\u0161te. Osim toga, podru\u010dje je crveno i iziritirano od svraba.<\/p>\n\n\n\n<p><strong>Seboroi\u010dni dermatitis<\/strong>: svrab i perut propra\u0107eni eritemom, crvenilom na sredi\u0161njem dijelu glave, koji se mogu pro\u0161iriti s vlasi\u0161ta ka \u010delu i do&nbsp; 1 cm.<\/p>\n\n\n\n<p>Vrlo \u010desto \u0107ete na internetu nai\u0107i na izraz <strong>seboreja na glavi<\/strong> kao sinonim za <strong>seboroi\u010dni dermatitis. <\/strong>Ali ako koristimo ispravnu stru\u010dnu terminologiju <strong>seboroi\u010dni dermatitis<\/strong> je pravi izraz za to stanje, dok <strong>seboreja na glavi<\/strong> zna\u010di poja\u010dano izlu\u010divanje sebuma na glavi kao \u0161to smo ve\u0107 napisali u uvodnom dijelu ovog \u010dlanka.<\/p>\n\n\n\n<p>Ali, <strong>seboreja <\/strong>kao poja\u010dano izlu\u010divanje sebuma preko \u017elijezda lojnica, bilo da je suhog ili uljnog tipa, je osnovni uzrok za razvoj peruti i seboroi\u010dnog dermatitisa, pa se zbog toga i u stru\u010dnim \u010dlancima problem \u010desto povezuje.<\/p>\n\n\n\n<p>Kod <strong>seboroi\u010dnog dermatitisa<\/strong> svrab i eritem na vlasi\u0161tu nastaju oksidacijom masnih kiselina, ali tek kada&nbsp; postotak glivice pityrosporum ovale (<em>Malassezia in D\/SD<\/em>) postigne dovoljno veliki dio u bakterijskoj flori (83%).<\/p>\n\n\n\n<p>Bakterijska flora je prirodna za\u0161tita vlasi\u0161ta a sastoji se od znoja, loja (sebuma), odumrlih stanica, fiziolo\u0161kih bakterija i gljivica (me\u0111u njima pityrosporum ovale &#8211; <em>Malassezia in D\/SD<\/em>) i drugih masno\u0107a koje proizvodi ko\u017ea. Kada je gljivica u ravnote\u017ei, djeluje autosterilizaciski i germicidno.<\/p>\n\n\n\n<p>Kada imamo suhu perut, postotak gljivice pityrosporum ovale na vlasi\u0161tu prelazi normalan postotak bakterijske flore od 40%. Kod masne peruti taj postotak prelazi 73%. Ni suha perut, ni masna perut, ne uzrokuju svrab. Svrab i eritem znak su <strong>seboroi\u010dnog dermatitisa<\/strong>.<\/p>\n\n\n\n<p>Kada pityrosporum ovale postigne 83% bakterijske flore, &nbsp;osloba\u0111a masne kiseline iz sebuma. One oksidiraju i postaju vrlo iritantne za tjeme glave uzrokuju\u0107i eritem i svrab.<\/p>\n\n\n\n<p>Kod <strong>seboroi\u010dnog dermatitisa<\/strong> eritem je skoncentrisan samo u sredi\u0161njem dijelu tjemena. U najte\u017eim slu\u010dajevima, eritem, crvenilo i svrab \u0161ire se izvan vlasi\u0161ta ka \u010delu.<\/p>\n\n\n\n<h2 class=\"wp-block-heading\" id=\"h-seboreja-na-licu\">Seboreja na licu<\/h2>\n\n\n<div class=\"wp-block-image\">\n<figure class=\"aligncenter size-full\"><img loading=\"lazy\" decoding=\"async\" width=\"600\" height=\"315\" src=\"https:\/\/servicesforpharmacies.com\/wp-content\/uploads\/2022\/11\/Seboreja-na-licu-oko-usana-i-nosa.png\" alt=\"Seboreja na licu oko usana i nosa\" class=\"wp-image-359024\" srcset=\"https:\/\/servicesforpharmacies.com\/wp-content\/uploads\/2022\/11\/Seboreja-na-licu-oko-usana-i-nosa.png 600w, https:\/\/servicesforpharmacies.com\/wp-content\/uploads\/2022\/11\/Seboreja-na-licu-oko-usana-i-nosa-300x158.png 300w, https:\/\/servicesforpharmacies.com\/wp-content\/uploads\/2022\/11\/Seboreja-na-licu-oko-usana-i-nosa-95x50.png 95w\" sizes=\"auto, (max-width: 600px) 100vw, 600px\" \/><\/figure>\n<\/div>\n\n\n<p><strong>Seboreja na licu<\/strong> pravilno i stru\u010dno zna\u010di, poja\u010dano lu\u010denje sebuma a pojavljuje se najvi\u0161e na dijelovima lica gdje je i najvi\u0161e \u017elijezda lojnica, tj. \u010delo, nos i brada. U tim dijelovima, koncentracija \u017elijezda lojnica je najve\u0107a, odnosno, one su ve\u0107e pa izlu\u010duju ve\u0107u koli\u010dinu sebuma.<\/p>\n\n\n\n<p><strong>Seboreja na licu<\/strong> je izraz koji \u010desto ljudi koriste za <strong>seboroi\u010dni dermatitis<\/strong> na licu ili <strong>seboroi\u010dni dermatitis sa psihosomatskom komponentom<\/strong>. Tako da \u0107emo se u&nbsp; ovom poglavlju posvetiti toj tematici jer je to ono za\u0161to ste vjerovatno radili pretra\u017eivanje.<\/p>\n\n\n<div class=\"wp-block-image\">\n<figure class=\"aligncenter size-full\"><img loading=\"lazy\" decoding=\"async\" width=\"600\" height=\"315\" src=\"https:\/\/servicesforpharmacies.com\/wp-content\/uploads\/2022\/11\/Seboreja-na-licu-obrve.png\" alt=\"Seboreja na licu - obrve\" class=\"wp-image-359035\" srcset=\"https:\/\/servicesforpharmacies.com\/wp-content\/uploads\/2022\/11\/Seboreja-na-licu-obrve.png 600w, https:\/\/servicesforpharmacies.com\/wp-content\/uploads\/2022\/11\/Seboreja-na-licu-obrve-300x158.png 300w, https:\/\/servicesforpharmacies.com\/wp-content\/uploads\/2022\/11\/Seboreja-na-licu-obrve-95x50.png 95w\" sizes=\"auto, (max-width: 600px) 100vw, 600px\" \/><\/figure>\n<\/div>\n\n\n<p><strong>Seboreja na licu <\/strong>(ili pravilno i stru\u010dno, <strong>seboroi\u010dni dermatitis na licu<\/strong>) isto tako mo\u017ee biti prisutna na sljepoo\u010dnicama, na obrvama i na trepavicama, na grudnoj kosti, me\u0111u lopaticama i po drugim dlakavim dijelovima tijela, kada je u pitanju <strong>seboroi\u010dni dermatitis sa psihosomatskom komponentom<\/strong>.<\/p>\n\n\n\n<p><strong>Slike seboreje na licu<\/strong> ili <strong>seboroi\u010dnog dermatitisa na licu <\/strong>u ovoj galeriji, mogu Vam potvrditi da li ste na pravom mjestu. Imajte na umu, da se problem mo\u017ee pojavljivati na svim navedenim mjestima ili samo na nekima od navedenih mjesta.<\/p>\n\n\n\n<p><strong>Seboreja na licu<\/strong> ili <strong>seboroi\u010dni dermatitis na licu<\/strong> mogu biti razli\u010ditog intenziteta zavisno od osobe do osobe, pa zato stanje ne mora biti tako jako izra\u017eeno kao \u0161to je na <strong>slikama koje slijede.<\/strong><\/p>\n\n\n<div class=\"wp-block-image\">\n<figure class=\"aligncenter size-full\"><img loading=\"lazy\" decoding=\"async\" width=\"600\" height=\"315\" src=\"https:\/\/servicesforpharmacies.com\/wp-content\/uploads\/2022\/11\/Seboreja-na-licu-celo-i-obrve.png\" alt=\"Seboreja na licu celo i obrve\" class=\"wp-image-359115\" srcset=\"https:\/\/servicesforpharmacies.com\/wp-content\/uploads\/2022\/11\/Seboreja-na-licu-celo-i-obrve.png 600w, https:\/\/servicesforpharmacies.com\/wp-content\/uploads\/2022\/11\/Seboreja-na-licu-celo-i-obrve-300x158.png 300w, https:\/\/servicesforpharmacies.com\/wp-content\/uploads\/2022\/11\/Seboreja-na-licu-celo-i-obrve-95x50.png 95w\" sizes=\"auto, (max-width: 600px) 100vw, 600px\" \/><figcaption>Seboreja na licu \u010delu i obrvama<\/figcaption><\/figure>\n<\/div>\n\n<div class=\"wp-block-image\">\n<figure class=\"aligncenter size-full\"><img loading=\"lazy\" decoding=\"async\" width=\"600\" height=\"315\" src=\"https:\/\/servicesforpharmacies.com\/wp-content\/uploads\/2022\/11\/Seboreja-na-nosu-1.png\" alt=\"Seboreja na nosu\" class=\"wp-image-359139\" srcset=\"https:\/\/servicesforpharmacies.com\/wp-content\/uploads\/2022\/11\/Seboreja-na-nosu-1.png 600w, https:\/\/servicesforpharmacies.com\/wp-content\/uploads\/2022\/11\/Seboreja-na-nosu-1-300x158.png 300w, https:\/\/servicesforpharmacies.com\/wp-content\/uploads\/2022\/11\/Seboreja-na-nosu-1-95x50.png 95w\" sizes=\"auto, (max-width: 600px) 100vw, 600px\" \/><figcaption>Seboreja na nosu<\/figcaption><\/figure>\n<\/div>\n\n\n<h2 class=\"wp-block-heading\" id=\"h-seboroicni-dermatitis-krema-za-lice\">Seboroi\u010dni dermatitis &#8211; krema za lice<\/h2>\n\n\n<div class=\"wp-block-image\">\n<figure class=\"aligncenter size-full\"><img loading=\"lazy\" decoding=\"async\" width=\"600\" height=\"315\" src=\"https:\/\/servicesforpharmacies.com\/wp-content\/uploads\/2022\/11\/Seboroic\u030cni-dermatitis-krema-za-lice.png\" alt=\"Seboroi\u010dni dermatitis - krema za lice\" class=\"wp-image-359050\" srcset=\"https:\/\/servicesforpharmacies.com\/wp-content\/uploads\/2022\/11\/Seboroic\u030cni-dermatitis-krema-za-lice.png 600w, https:\/\/servicesforpharmacies.com\/wp-content\/uploads\/2022\/11\/Seboroic\u030cni-dermatitis-krema-za-lice-300x158.png 300w, https:\/\/servicesforpharmacies.com\/wp-content\/uploads\/2022\/11\/Seboroic\u030cni-dermatitis-krema-za-lice-95x50.png 95w\" sizes=\"auto, (max-width: 600px) 100vw, 600px\" \/><\/figure>\n<\/div>\n\n\n<p><strong>Seboroi\u010dni dermatitis<\/strong> je anomalija na vlasi\u0161tu koju karakteri\u0161e lju\u0161tenje epiderme, crvenilo, upala i svrab pogotovo na centralnom dijelu tjemena. Kada se pojavljuje na licu i drugim dijelovima tijela,&nbsp; skoncentrisan je na svim dijelovima u kojima je sebacealna aktivnost najve\u0107a, tj. na dijelovima gdje je izlu\u010divanje sebuma ili <strong>seboreja,<\/strong> najve\u0107a.<\/p>\n\n\n\n<p>Po pravilu, problem se \u010de\u0161\u0107e javlja kod mu\u0161karaca zato \u0161to mu\u0161karci imaju masniju ko\u017eu nego \u017eene, a sve zbog djelovanja androgena, tj. mu\u0161kih spolnih hormona. Androgeni (mu\u0161ki spolni hormoni) podsti\u010du rad \u017elijezda lojnica, dok estrogeni (\u017eenski spolni hormoni) inhibiraju rad \u017elijezda lojnica. Zato \u017eene imaju manje masnu ko\u017eu i vlasi\u0161te od mu\u0161karaca.<\/p>\n\n\n\n<p><strong>Seboroi\u010dni dermatitis<\/strong> nije zarazan i ne prenosi se kod frizera \u010de\u0161ljem.<\/p>\n\n\n\n<p><strong>Seboroi\u010dni dermatitis<\/strong> je recidivan, tj. pojavljuje se vi\u0161e puta u \u017eivotu \u010dak i ako smo ga stavili pod kontrolu sa uspje\u0161nim tretmanima. Kao herpes, ostaje prisutan i u slu\u010daju jakog stresa, pada imuniteta ili psihofizi\u010dke iscrpljenosti. Ponekad se ponovo pojavi i u te\u017eem obliku.<\/p>\n\n\n\n<p>\u010cesto se stanje pogor\u0161ava i u toku tretmana, pogotovo na prolje\u0107e, u istim razdobljima kao \u010dir na \u017eelucu. Iskustva pokazuju, da osobe koje pate od \u010dira na \u017eelucu, \u010desto pate i od <strong>seboroi\u010dnog dermatitis<\/strong>.<\/p>\n\n\n\n<p><strong>Seboreja na licu ili seboroi\u010dni dermatitis na licu, <\/strong>tretiraju se razli\u010ditim <strong>kremama za lice<\/strong>. Na tr\u017ei\u0161tu postoji jako puno <strong>krema za lice<\/strong> namijenjenih <strong>seboreji na licu<\/strong> ili <strong>seboroi\u010dnom dermatitisu<\/strong> i iskustva stranaka sa njima su razli\u010dita.<\/p>\n\n\n\n<p>Ako \u017eelimo problem efikasno tretirati, kao i uvijek moramo krenuti od uzroka. Uzrok za <strong>seboreju<\/strong> ili <strong>seboroi\u010dni dermatitis na licu<\/strong> su <strong>gljivice na ko\u017ei. <\/strong>Glivica pityrosporum ovale (<em>Malassezia in D\/SD<\/em>) je prisutna na ko\u017ei i na tjemenu i hrani se sebumom, tj. masno\u0107om i kao sve gljivice uspijeva na vla\u017enom i u toplom okru\u017eenju sa dovoljnom koli\u010dinom hrane za njeno razmno\u017eavanje.<\/p>\n\n\n\n<p><strong>Kreme za lice<\/strong> za <strong>seboreju<\/strong> ili <strong>seboroi\u010dni dermatitis<\/strong> moraju djelovati antimikotski, protiv gljivi\u010dno. Drugo, moraju uklanjati vi\u0161ak sebuma koji hrani gljivicu, ali isto tako moraju djelovati na posljedicu, tj. na crvenilo, upalu i svrab.<\/p>\n\n\n\n<p>Aktivni sastojci u <strong>kremama i losionima za lice,<\/strong> koji djeluju antimikotski, su \u010dajevac (meleleuca alternifoglia), kajeput (Melaleuca leucadendra), derivat olamiske kiseline i razli\u010diti kortikosteroidi ili kortizonske kreme.<\/p>\n\n\n\n<p>Kortikosteroidi u <strong>kremama i losionima za lice<\/strong> za <strong>seboreju na licu ili seboroi\u010dni dermatitis na licu,<\/strong> vrlo su djelotvorni, ali ne mogu se koristiti konstantno-stalno i ako pretjeramo s njihovim kori\u0161tenjem, vremenom nemaju vi\u0161e efakat jer naru\u0161e prirodnu za\u0161titu ko\u017ee (bakterijsku floru).<\/p>\n\n\n\n<p>U prirodnim <strong>kremama i losionima za lice,<\/strong> za <strong>seboreju na licu ili seboroi\u010dni dermatitis na licu, <\/strong>\u010desto se koristi \u010dajevac &#8211; Tea tree (meleleuca alternifoglia) koji osim antimikotski, deluje dermopurificiraju\u0107e, tj. otklanja suvi\u0161nu masno\u0107u sa ko\u017ee.&nbsp; Ali to nije uvijek dovoljno jer je potrebno djelovati na proizvodnju sebuma sa sebonormaliziraju\u0107im aktivnim sastojcima poput biljke tj. drveta, poznatog kao salama-drvo (kigelia africana), da smanjimo izlu\u010divanje sebuma te time smanjimo koli\u010dinu hrane za gljivicu pityrosporum ovale (<em>Malassezia in D\/SD<\/em>).&nbsp;<\/p>\n\n\n\n<p>Sastojci u <strong>kremama i losionima za lice,<\/strong> za <strong>seboreju na licu ili seboroi\u010dni dermatitis na licu, <\/strong>koji djeluju smiruju\u0107e, protiv crvenila, protiv svraba i protiv upalno, su razni.<\/p>\n\n\n\n<p>Manje prirodni sastojci u <strong>kremama za lice<\/strong> za <strong>seboroi\u010dni dermatitis<\/strong> su kortikosteroidi kao \u0161to su ketokonazol, mikonazol, metronidazol. Potrebno je uvijek imati na umu, ako \u017eelimo pojednostaviti, da su to sinteti\u010dke kopije kortizola, hormona nadbubre\u017ene \u017elijezde, koji djeluju protuupalno i kao takve ih ne smijete zloupotrebljavati. Ne smijete ih koristiti vi\u0161e od koli\u010dine koja je preporu\u010dena na uputstvu jer prolongirano kori\u0161tenje \u010desto dovodi do navikavanja ko\u017ee na takav preparat, pa samim time smanjenju i gubitku djelotvornosti.<\/p>\n\n\n\n<p>Djelimi\u010dno prirodni sastojci poput derivata olaminske kiseline (piroctone olamenine)&nbsp; i prirodni sastojci kao \u0161to su hamamelis, ulje slatkog badema, zob, morski kolagen, hmelj i drugi, mogu biti dobra alternativa jer se mogu koristiti kontinuirano te su \u010desto dovoljni pogotovo kada su u pitanju bla\u017ei oblici anomalije.<\/p>\n\n\n\n<p><strong>Iskustva<\/strong> pokazuju, da je morski kolagen jedan od najboljih aktivnih sastojaka u <strong>kremama i losionima za lice<\/strong> za <strong>seboreju na licu ili seboroi\u010dni dermatitis na licu,<\/strong> jer sadr\u017ei veliku koli\u010dinu Omega 3 masnih kiselina, koje djeluju protu upalno, protiv svraba, protiv crvenila i smiruju\u0107e.<\/p>\n\n\n\n<p>Isto tako, <strong>iskustva<\/strong> s <strong>kremama i losionima za lice,<\/strong> za <strong>seboreju na licu ili seboroi\u010dni dermatitis na licu, <\/strong>pokazuju, da \u010desto <strong>krema za seboreju na licu<\/strong> nije najbolje rje\u0161enje jer je premasna.<\/p>\n\n\n\n<p>Pogotovo zato jer <strong>seboreju, <\/strong>odnosno <strong>seboroi\u010dni dermatitis sa psihosomatskom komponentom<\/strong> karakteri\u0161e velika koli\u010dina masno\u0107e, pa zato <strong>emulzija u kremi<\/strong> nije najbolje rje\u0161enje. Kapi ili serumi su se pokazali primjerenijim za tretiranje problema na licu pogotovo kada su to koncentrati u kapima s visokim koncentracijama aktivnih sastojaka.<\/p>\n\n\n\n<h2 class=\"wp-block-heading\" id=\"h-seboreja-na-glavi\">Seboreja na glavi<\/h2>\n\n\n\n<p><strong>Seboreja na glavi<\/strong>: ljuspice, svrab, upala i crvenilo na centralnom dijelu glave ili <strong>seboroi\u010dni dermatitis<\/strong>. Slike problema nam pokazuju, da je problem prisutan na centralnom dijelu glave gdje je najve\u0107a koncentracija \u017elijezda lojnica.<\/p>\n\n\n<div class=\"wp-block-image\">\n<figure class=\"aligncenter size-full\"><img loading=\"lazy\" decoding=\"async\" width=\"600\" height=\"315\" src=\"https:\/\/servicesforpharmacies.com\/wp-content\/uploads\/2022\/11\/Seboreja-na-glavi.png\" alt=\"Seboreja na glavi\" class=\"wp-image-359063\" srcset=\"https:\/\/servicesforpharmacies.com\/wp-content\/uploads\/2022\/11\/Seboreja-na-glavi.png 600w, https:\/\/servicesforpharmacies.com\/wp-content\/uploads\/2022\/11\/Seboreja-na-glavi-300x158.png 300w, https:\/\/servicesforpharmacies.com\/wp-content\/uploads\/2022\/11\/Seboreja-na-glavi-95x50.png 95w\" sizes=\"auto, (max-width: 600px) 100vw, 600px\" \/><\/figure>\n<\/div>\n\n<div class=\"wp-block-image\">\n<figure class=\"aligncenter size-full\"><img loading=\"lazy\" decoding=\"async\" width=\"600\" height=\"315\" src=\"https:\/\/servicesforpharmacies.com\/wp-content\/uploads\/2022\/11\/Seboreja-na-centralno-dijelu-glave.png\" alt=\"Centralni dio glave\" class=\"wp-image-359144\" srcset=\"https:\/\/servicesforpharmacies.com\/wp-content\/uploads\/2022\/11\/Seboreja-na-centralno-dijelu-glave.png 600w, https:\/\/servicesforpharmacies.com\/wp-content\/uploads\/2022\/11\/Seboreja-na-centralno-dijelu-glave-300x158.png 300w, https:\/\/servicesforpharmacies.com\/wp-content\/uploads\/2022\/11\/Seboreja-na-centralno-dijelu-glave-95x50.png 95w\" sizes=\"auto, (max-width: 600px) 100vw, 600px\" \/><figcaption>Seboreja na centralnom dijelu glave<\/figcaption><\/figure>\n<\/div>\n\n\n<p>Uzrok je<a href=\"https:\/\/en.wikipedia.org\/wiki\/Malassezia\"> <\/a><a href=\"https:\/\/en.wikipedia.org\/wiki\/Malassezia\">gljivica pytirosporum ovalis ili Malassezia<\/a> koja se hrani sebumom &#8211; masno\u0107om i dosti\u017ee 83% bakterijske flore na tjemenu.<\/p>\n\n\n\n<p>Kao \u0161to smo ve\u0107 pisali u gornjim poglavljima, \u010desto ljudi mije\u0161aju <strong>perut<\/strong> i <strong>seboreju na glavi<\/strong> ili <strong>seboroi\u010dni dermatitis<\/strong>.<\/p>\n\n\n\n<p><strong>Perut<\/strong> karakteri\u0161u ljuspice sa ili bez masno\u0107e, ali bez upale, crvenila i svraba. S druge strane, s<strong>eboreju na glavi <\/strong>ili <strong>seboroi\u010dni dermatitis<\/strong>&nbsp; karakteri\u0161e crvenilo, upala i svrab pogotovo na centralnom dijelu glave uz ljuspice \u017eu\u0107kaste boje koje su jako zalijepljene za tjeme.<\/p>\n\n\n\n<h2 class=\"wp-block-heading\" id=\"h-krastice-na-glavi\">Krastice na glavi<\/h2>\n\n\n\n<p><strong>Krastice i kraste na glavi,<\/strong> najvi\u0161e su posljedica \u010de\u0161anja zbog svraba na tjemenu. Uzroke za problem smo detaljno opisali u gornjim poglavljima, ali \u010de\u0161anje i time stvaranje <strong>krastica na glavi<\/strong> su problemi koji zaslu\u017euje posebnu pa\u017enju.<\/p>\n\n\n\n<p><strong>Kraste na glavi<\/strong> nastaju kao posljedica \u010de\u0161anja noktima jer time stvaramo abrazije i ranice koje se mogu dodatno inficirati, gljivice prodiru dublje u tjeme i time se problem <strong>seboreje<\/strong> odnosno <strong>seboroi\u010dnog dermatitisa<\/strong> dodatno poja\u010dava.<\/p>\n\n\n\n<p>Ako imamo svrab tjemena, potrebno je \u0161to prije koristiti preparat sa protu upalnim i smiruju\u0107im djelovanjem kako bi smanjili potrebu za \u010de\u0161anjem. Idealno je izabrati preparat koji mo\u017eemo uvijek imati sa sobom i jednostavno nanijeti na dio koji svrbi umjesto da se \u010de\u0161emo.<\/p>\n\n\n\n<p><strong>Krastice na glavi<\/strong> mo\u017eemo izbje\u0107i i \u010de\u0161anjem jagodicama prstiju ili malim prstnim zglobovima, ali nikako ne noktima.<\/p>\n\n\n\n<p><strong>Kraste na glavi<\/strong> mogu biti i posljedica psorijaze, koja je na \u017ealost neizlje\u010diva bolest ko\u017ee koja se osim na vlasi\u0161tu pojavljuje na laktovima, koljenima i drugim zglobovima. Psorijazu karakteri\u0161e bijela kora na zahva\u0107enim dijelovima, ko\u017ea je izrazito suha i kada puca mo\u017ee do\u0107i do krvarenja i time i &nbsp;stvaranja <strong>krastica na glavi i tijelu<\/strong>.<\/p>\n\n\n\n<p>Kao \u0161to smo rekli, u pitanju je neizlje\u010diva bolest ali preparati na bazi kajeputa i morskog kolagena su se pokazali uspje\u0161nim u ubla\u017eavanju problema.<\/p>\n\n\n\n<h2 class=\"wp-block-heading\" id=\"h-gljivice-na-kozi\">Gljivice na ko\u017ei<\/h2>\n\n\n\n<p><strong>Gljivice na ko\u017ei<\/strong> mogu biti uzrokovane raznim bakterijama (mikoza), kvascima i plijesnima i mo\u017eemo se njima zaraziti na javnim mjestima, poput pozori\u0161ta, u svla\u010dionicama bazena i sli\u010dno.<\/p>\n\n\n\n<p><strong>Gljivice na ko\u017ei<\/strong> i poreme\u0107aj bakterijske flore, tj. razvoj fiziolo\u0161ke gljivice pytirosporum ovalis ili Malassezia, nisu ista stvar. \u010cesto su prirodni preparati za gljivice na ko\u017ei, tako\u0111e na bazi \u010dajevca &#8211; tea tree ili kajeputa, ali savjetujemo da se problem rje\u0161ava ciljanim preparatima nakon savjetovanja s doktorom, farmaceutom ili dermatologom.<\/p>\n\n\n\n<p>Vi\u0161e stru\u010dnih informacija mo\u017eete dobiti u \u010dlanku Pliva Zdravlje \u201c<a href=\"https:\/\/www.plivazdravlje.hr\/aktualno\/clanak\/19209\/Kako-izgledaju-gljivicne-infekcije-koze-vlasista-i-noktiju.html\"><em>Kako izgledaju gljivi\u010dne infekcije ko\u017ee, vlasi\u0161ta i noktiju?<\/em><\/a>\u201d<\/p>\n\n\n\n<h2 class=\"wp-block-heading\" id=\"h-gljivice-na-rukama\">Gljivice na rukama<\/h2>\n\n\n\n<p><strong>Gljivice na rukama<\/strong> su posljedica gljivi\u010dne infekcije koju \u010desto mo\u017eemo zamijeniti s drugim promjenama na rukama. Dermafiti su vrsta gljivice koja mo\u017ee biti uzrok za gljivi\u010dnu infekciju na rukama.<\/p>\n\n\n\n<p><strong>Gljivice na rukama<\/strong> od dermafita su zarazne. Naime, mo\u017eemo ih dobiti ako smo u kontaktu s drugim tijelom na kojem se nalazi gljivi\u010dna infekcija. To mo\u017ee biti druga osoba, \u017eivotinja, zemlja ili druga povr\u0161ina gdje se gljivica nastanila. Obi\u010dno se pojavljuju na stopalima ili me\u0111uno\u017eju, ali gljivice na rukama kao posljedica gljivi\u010dne infekcije dermafitima su isto tako vrlo \u010desta pojava.<\/p>\n\n\n\n<p><strong>Gljivice na rukama<\/strong> karakteri\u0161e svrab, ali koji nije posljedica <strong>seboroi\u010dnog dermatitisa <\/strong>nego gljivi\u010dne infekcije. Obi\u010dno zapo\u010dinje na dlanovima i onda se po\u010dinje \u0161iriti na druge dijelove ruke.<\/p>\n\n\n\n<p>\u010cesto se pojavljuje crvenilo u obliku kruga, koji izgleda kao zarasla rana, plikovi izme\u0111u prstiju a ispunjeni sa prozirnom te\u010dno\u0161\u0107u. Nakon \u0161to plikovi puknu, nastanu \u017euljevi i diskoloracija koja je pogotovo vidljiva kod ljudi tamnije puti.<\/p>\n\n\n\n<p>Kod <strong>gljivica na rukama,<\/strong> ko\u017ea se lju\u0161ti, suha je i prisutan je jak svrab. Zato ljudi \u010desto misle da je u pitanju dermatitis. Ali, kod dermatitisa je uzrok gljivica koja uspjeva na vla\u017enom i toplom mjestu, a u ovom slu\u010daju je i zarazna.<\/p>\n\n\n\n<p>Potrebno je smanjiti koli\u010dinu vlage na rukama i drugim zahva\u0107enim dijelovima (posu\u0161iti ruke nakon pranja, obavezno). Potrebno je dobro osu\u0161iti zahva\u0107ene dijelove, ako su na nogama, redovno mijenjati \u010darape i koristiti specifi\u010dne antimikotske preparate. Dostupni su i oralni lijekovi koji se mogu uzimati kako bi djelovali na problem iznutra, osim samo lokalno, ali se o upotrebi posavjetujte s doktorom ili farmaceutom.&nbsp;<\/p>\n","protected":false},"excerpt":{"rendered":"<p>Seboreja na glavi i seboreja na licu su izrazi koji se \u010desto koriste kao definicija za seboroi\u010dni dermatitis &#8230; Seboreja je stru\u010dni izraz za prekomjerno lu\u010denje sebuma kojega lu\u010de lojne \u017elijezde. U \u010dlanku National library of medicine \u201cThe role of sebaceous gland activity and scalp microfloral metabolism in the etiology of seborrheic dermatitis and dandruff\u201d&hellip;<\/p>\n","protected":false},"author":1,"featured_media":359011,"comment_status":"open","ping_status":"open","sticky":false,"template":"","format":"standard","meta":{"_acf_changed":false,"footnotes":""},"categories":[77],"tags":[],"class_list":["post-359158","post","type-post","status-publish","format-standard","has-post-thumbnail","hentry","category-uncategorized-ba"],"acf":[],"yoast_head":"<!-- This site is optimized with the Yoast SEO Premium plugin v22.9 (Yoast SEO v27.0) - https:\/\/yoast.com\/product\/yoast-seo-premium-wordpress\/ -->\n<title>Seboreja | Svrab ili masna kosa? \u0160ta je seboreja a \u0161ta nije...<\/title>\n<meta name=\"description\" content=\"Seboreja je izraz koji se \u0107esto koristi za seborei\u010dni dermatitis... sve \u0161to morate znati o anomaliji i njenom rije\u0161enju.\" \/>\n<meta name=\"robots\" content=\"index, follow, max-snippet:-1, max-image-preview:large, max-video-preview:-1\" \/>\n<link rel=\"canonical\" href=\"https:\/\/servicesforpharmacies.com\/ba\/seboreja\/\" \/>\n<meta property=\"og:locale\" content=\"bs_BA\" \/>\n<meta property=\"og:type\" content=\"article\" \/>\n<meta property=\"og:title\" content=\"Seboreja | Svrab ili masna kosa? \u0160ta je seboreja a \u0161ta nije...\" \/>\n<meta property=\"og:description\" content=\"Seboreja je izraz koji se \u0107esto koristi za seborei\u010dni dermatitis... sve \u0161to morate znati o anomaliji i njenom rije\u0161enju.\" \/>\n<meta property=\"og:url\" content=\"https:\/\/servicesforpharmacies.com\/ba\/seboreja\/\" \/>\n<meta property=\"og:site_name\" content=\"Services for pharmacies\" \/>\n<meta property=\"article:published_time\" content=\"2022-11-13T19:04:17+00:00\" \/>\n<meta property=\"article:modified_time\" content=\"2022-11-13T19:26:03+00:00\" \/>\n<meta property=\"og:image\" content=\"https:\/\/servicesforpharmacies.com\/wp-content\/uploads\/2022\/11\/Seboreja.png\" \/>\n\t<meta property=\"og:image:width\" content=\"600\" \/>\n\t<meta property=\"og:image:height\" content=\"315\" \/>\n\t<meta property=\"og:image:type\" content=\"image\/png\" \/>\n<meta name=\"author\" content=\"clabs\" \/>\n<meta name=\"twitter:card\" content=\"summary_large_image\" \/>\n<meta name=\"twitter:title\" content=\"Seboreja | Svrab ili masna kosa? \u0160ta je seboreja a \u0161ta nije...\" \/>\n<meta name=\"twitter:label1\" content=\"Written by\" \/>\n\t<meta name=\"twitter:data1\" content=\"clabs\" \/>\n\t<meta name=\"twitter:label2\" content=\"Est. reading time\" \/>\n\t<meta name=\"twitter:data2\" content=\"12 minuta\" \/>\n<script type=\"application\/ld+json\" class=\"yoast-schema-graph\">{\"@context\":\"https:\/\/schema.org\",\"@graph\":[{\"@type\":\"Article\",\"@id\":\"https:\/\/servicesforpharmacies.com\/ba\/seboreja\/#article\",\"isPartOf\":{\"@id\":\"https:\/\/servicesforpharmacies.com\/ba\/seboreja\/\"},\"author\":{\"name\":\"clabs\",\"@id\":\"https:\/\/servicesforpharmacies.com\/ba\/#\/schema\/person\/ee812c8f6225a5ba7bab6a7d6bfc184d\"},\"headline\":\"Seboreja\",\"datePublished\":\"2022-11-13T19:04:17+00:00\",\"dateModified\":\"2022-11-13T19:26:03+00:00\",\"mainEntityOfPage\":{\"@id\":\"https:\/\/servicesforpharmacies.com\/ba\/seboreja\/\"},\"wordCount\":2570,\"commentCount\":0,\"publisher\":{\"@id\":\"https:\/\/servicesforpharmacies.com\/ba\/#organization\"},\"image\":{\"@id\":\"https:\/\/servicesforpharmacies.com\/ba\/seboreja\/#primaryimage\"},\"thumbnailUrl\":\"https:\/\/servicesforpharmacies.com\/wp-content\/uploads\/2022\/11\/Seboreja.png\",\"articleSection\":[\"Uncategorized @ba\"],\"inLanguage\":\"bs-BA\",\"potentialAction\":[{\"@type\":\"CommentAction\",\"name\":\"Comment\",\"target\":[\"https:\/\/servicesforpharmacies.com\/ba\/seboreja\/#respond\"]}]},{\"@type\":\"WebPage\",\"@id\":\"https:\/\/servicesforpharmacies.com\/ba\/seboreja\/\",\"url\":\"https:\/\/servicesforpharmacies.com\/ba\/seboreja\/\",\"name\":\"Seboreja | Svrab ili masna kosa? \u0160ta je seboreja a \u0161ta nije...\",\"isPartOf\":{\"@id\":\"https:\/\/servicesforpharmacies.com\/ba\/#website\"},\"primaryImageOfPage\":{\"@id\":\"https:\/\/servicesforpharmacies.com\/ba\/seboreja\/#primaryimage\"},\"image\":{\"@id\":\"https:\/\/servicesforpharmacies.com\/ba\/seboreja\/#primaryimage\"},\"thumbnailUrl\":\"https:\/\/servicesforpharmacies.com\/wp-content\/uploads\/2022\/11\/Seboreja.png\",\"datePublished\":\"2022-11-13T19:04:17+00:00\",\"dateModified\":\"2022-11-13T19:26:03+00:00\",\"description\":\"Seboreja je izraz koji se \u0107esto koristi za seborei\u010dni dermatitis... sve \u0161to morate znati o anomaliji i njenom rije\u0161enju.\",\"breadcrumb\":{\"@id\":\"https:\/\/servicesforpharmacies.com\/ba\/seboreja\/#breadcrumb\"},\"inLanguage\":\"bs-BA\",\"potentialAction\":[{\"@type\":\"ReadAction\",\"target\":[\"https:\/\/servicesforpharmacies.com\/ba\/seboreja\/\"]}]},{\"@type\":\"ImageObject\",\"inLanguage\":\"bs-BA\",\"@id\":\"https:\/\/servicesforpharmacies.com\/ba\/seboreja\/#primaryimage\",\"url\":\"https:\/\/servicesforpharmacies.com\/wp-content\/uploads\/2022\/11\/Seboreja.png\",\"contentUrl\":\"https:\/\/servicesforpharmacies.com\/wp-content\/uploads\/2022\/11\/Seboreja.png\",\"width\":600,\"height\":315,\"caption\":\"Seboreja\"},{\"@type\":\"BreadcrumbList\",\"@id\":\"https:\/\/servicesforpharmacies.com\/ba\/seboreja\/#breadcrumb\",\"itemListElement\":[{\"@type\":\"ListItem\",\"position\":1,\"name\":\"Home\",\"item\":\"https:\/\/servicesforpharmacies.com\/ba\/\"},{\"@type\":\"ListItem\",\"position\":2,\"name\":\"Seboreja\"}]},{\"@type\":\"WebSite\",\"@id\":\"https:\/\/servicesforpharmacies.com\/ba\/#website\",\"url\":\"https:\/\/servicesforpharmacies.com\/ba\/\",\"name\":\"Services for pharmacies\",\"description\":\"\",\"publisher\":{\"@id\":\"https:\/\/servicesforpharmacies.com\/ba\/#organization\"},\"potentialAction\":[{\"@type\":\"SearchAction\",\"target\":{\"@type\":\"EntryPoint\",\"urlTemplate\":\"https:\/\/servicesforpharmacies.com\/ba\/?s={search_term_string}\"},\"query-input\":{\"@type\":\"PropertyValueSpecification\",\"valueRequired\":true,\"valueName\":\"search_term_string\"}}],\"inLanguage\":\"bs-BA\"},{\"@type\":\"Organization\",\"@id\":\"https:\/\/servicesforpharmacies.com\/ba\/#organization\",\"name\":\"VitalPlusActive Group Ltd\",\"url\":\"https:\/\/servicesforpharmacies.com\/ba\/\",\"logo\":{\"@type\":\"ImageObject\",\"inLanguage\":\"bs-BA\",\"@id\":\"https:\/\/servicesforpharmacies.com\/ba\/#\/schema\/logo\/image\/\",\"url\":\"https:\/\/servicesforpharmacies.com\/wp-content\/uploads\/2020\/07\/logo-eng.jpg\",\"contentUrl\":\"https:\/\/servicesforpharmacies.com\/wp-content\/uploads\/2020\/07\/logo-eng.jpg\",\"width\":398,\"height\":90,\"caption\":\"VitalPlusActive Group Ltd\"},\"image\":{\"@id\":\"https:\/\/servicesforpharmacies.com\/ba\/#\/schema\/logo\/image\/\"}},{\"@type\":\"Person\",\"@id\":\"https:\/\/servicesforpharmacies.com\/ba\/#\/schema\/person\/ee812c8f6225a5ba7bab6a7d6bfc184d\",\"name\":\"clabs\",\"image\":{\"@type\":\"ImageObject\",\"inLanguage\":\"bs-BA\",\"@id\":\"https:\/\/servicesforpharmacies.com\/ba\/#\/schema\/person\/image\/\",\"url\":\"https:\/\/secure.gravatar.com\/avatar\/3e06d065f90717b29da11d0b7ac31c1c7ac11d67ed594545fc83d68990ac6e80?s=96&d=mm&r=g\",\"contentUrl\":\"https:\/\/secure.gravatar.com\/avatar\/3e06d065f90717b29da11d0b7ac31c1c7ac11d67ed594545fc83d68990ac6e80?s=96&d=mm&r=g\",\"caption\":\"clabs\"}}]}<\/script>\n<!-- \/ Yoast SEO Premium plugin. -->","yoast_head_json":{"title":"Seboreja | Svrab ili masna kosa? \u0160ta je seboreja a \u0161ta nije...","description":"Seboreja je izraz koji se \u0107esto koristi za seborei\u010dni dermatitis... sve \u0161to morate znati o anomaliji i njenom rije\u0161enju.","robots":{"index":"index","follow":"follow","max-snippet":"max-snippet:-1","max-image-preview":"max-image-preview:large","max-video-preview":"max-video-preview:-1"},"canonical":"https:\/\/servicesforpharmacies.com\/ba\/seboreja\/","og_locale":"bs_BA","og_type":"article","og_title":"Seboreja | Svrab ili masna kosa? \u0160ta je seboreja a \u0161ta nije...","og_description":"Seboreja je izraz koji se \u0107esto koristi za seborei\u010dni dermatitis... sve \u0161to morate znati o anomaliji i njenom rije\u0161enju.","og_url":"https:\/\/servicesforpharmacies.com\/ba\/seboreja\/","og_site_name":"Services for pharmacies","article_published_time":"2022-11-13T19:04:17+00:00","article_modified_time":"2022-11-13T19:26:03+00:00","og_image":[{"width":600,"height":315,"url":"https:\/\/servicesforpharmacies.com\/wp-content\/uploads\/2022\/11\/Seboreja.png","type":"image\/png"}],"author":"clabs","twitter_card":"summary_large_image","twitter_title":"Seboreja | Svrab ili masna kosa? \u0160ta je seboreja a \u0161ta nije...","twitter_misc":{"Written by":"clabs","Est. reading time":"12 minuta"},"schema":{"@context":"https:\/\/schema.org","@graph":[{"@type":"Article","@id":"https:\/\/servicesforpharmacies.com\/ba\/seboreja\/#article","isPartOf":{"@id":"https:\/\/servicesforpharmacies.com\/ba\/seboreja\/"},"author":{"name":"clabs","@id":"https:\/\/servicesforpharmacies.com\/ba\/#\/schema\/person\/ee812c8f6225a5ba7bab6a7d6bfc184d"},"headline":"Seboreja","datePublished":"2022-11-13T19:04:17+00:00","dateModified":"2022-11-13T19:26:03+00:00","mainEntityOfPage":{"@id":"https:\/\/servicesforpharmacies.com\/ba\/seboreja\/"},"wordCount":2570,"commentCount":0,"publisher":{"@id":"https:\/\/servicesforpharmacies.com\/ba\/#organization"},"image":{"@id":"https:\/\/servicesforpharmacies.com\/ba\/seboreja\/#primaryimage"},"thumbnailUrl":"https:\/\/servicesforpharmacies.com\/wp-content\/uploads\/2022\/11\/Seboreja.png","articleSection":["Uncategorized @ba"],"inLanguage":"bs-BA","potentialAction":[{"@type":"CommentAction","name":"Comment","target":["https:\/\/servicesforpharmacies.com\/ba\/seboreja\/#respond"]}]},{"@type":"WebPage","@id":"https:\/\/servicesforpharmacies.com\/ba\/seboreja\/","url":"https:\/\/servicesforpharmacies.com\/ba\/seboreja\/","name":"Seboreja | Svrab ili masna kosa? \u0160ta je seboreja a \u0161ta nije...","isPartOf":{"@id":"https:\/\/servicesforpharmacies.com\/ba\/#website"},"primaryImageOfPage":{"@id":"https:\/\/servicesforpharmacies.com\/ba\/seboreja\/#primaryimage"},"image":{"@id":"https:\/\/servicesforpharmacies.com\/ba\/seboreja\/#primaryimage"},"thumbnailUrl":"https:\/\/servicesforpharmacies.com\/wp-content\/uploads\/2022\/11\/Seboreja.png","datePublished":"2022-11-13T19:04:17+00:00","dateModified":"2022-11-13T19:26:03+00:00","description":"Seboreja je izraz koji se \u0107esto koristi za seborei\u010dni dermatitis... sve \u0161to morate znati o anomaliji i njenom rije\u0161enju.","breadcrumb":{"@id":"https:\/\/servicesforpharmacies.com\/ba\/seboreja\/#breadcrumb"},"inLanguage":"bs-BA","potentialAction":[{"@type":"ReadAction","target":["https:\/\/servicesforpharmacies.com\/ba\/seboreja\/"]}]},{"@type":"ImageObject","inLanguage":"bs-BA","@id":"https:\/\/servicesforpharmacies.com\/ba\/seboreja\/#primaryimage","url":"https:\/\/servicesforpharmacies.com\/wp-content\/uploads\/2022\/11\/Seboreja.png","contentUrl":"https:\/\/servicesforpharmacies.com\/wp-content\/uploads\/2022\/11\/Seboreja.png","width":600,"height":315,"caption":"Seboreja"},{"@type":"BreadcrumbList","@id":"https:\/\/servicesforpharmacies.com\/ba\/seboreja\/#breadcrumb","itemListElement":[{"@type":"ListItem","position":1,"name":"Home","item":"https:\/\/servicesforpharmacies.com\/ba\/"},{"@type":"ListItem","position":2,"name":"Seboreja"}]},{"@type":"WebSite","@id":"https:\/\/servicesforpharmacies.com\/ba\/#website","url":"https:\/\/servicesforpharmacies.com\/ba\/","name":"Services for pharmacies","description":"","publisher":{"@id":"https:\/\/servicesforpharmacies.com\/ba\/#organization"},"potentialAction":[{"@type":"SearchAction","target":{"@type":"EntryPoint","urlTemplate":"https:\/\/servicesforpharmacies.com\/ba\/?s={search_term_string}"},"query-input":{"@type":"PropertyValueSpecification","valueRequired":true,"valueName":"search_term_string"}}],"inLanguage":"bs-BA"},{"@type":"Organization","@id":"https:\/\/servicesforpharmacies.com\/ba\/#organization","name":"VitalPlusActive Group Ltd","url":"https:\/\/servicesforpharmacies.com\/ba\/","logo":{"@type":"ImageObject","inLanguage":"bs-BA","@id":"https:\/\/servicesforpharmacies.com\/ba\/#\/schema\/logo\/image\/","url":"https:\/\/servicesforpharmacies.com\/wp-content\/uploads\/2020\/07\/logo-eng.jpg","contentUrl":"https:\/\/servicesforpharmacies.com\/wp-content\/uploads\/2020\/07\/logo-eng.jpg","width":398,"height":90,"caption":"VitalPlusActive Group Ltd"},"image":{"@id":"https:\/\/servicesforpharmacies.com\/ba\/#\/schema\/logo\/image\/"}},{"@type":"Person","@id":"https:\/\/servicesforpharmacies.com\/ba\/#\/schema\/person\/ee812c8f6225a5ba7bab6a7d6bfc184d","name":"clabs","image":{"@type":"ImageObject","inLanguage":"bs-BA","@id":"https:\/\/servicesforpharmacies.com\/ba\/#\/schema\/person\/image\/","url":"https:\/\/secure.gravatar.com\/avatar\/3e06d065f90717b29da11d0b7ac31c1c7ac11d67ed594545fc83d68990ac6e80?s=96&d=mm&r=g","contentUrl":"https:\/\/secure.gravatar.com\/avatar\/3e06d065f90717b29da11d0b7ac31c1c7ac11d67ed594545fc83d68990ac6e80?s=96&d=mm&r=g","caption":"clabs"}}]}},"_links":{"self":[{"href":"https:\/\/servicesforpharmacies.com\/ba\/wp-json\/wp\/v2\/posts\/359158","targetHints":{"allow":["GET"]}}],"collection":[{"href":"https:\/\/servicesforpharmacies.com\/ba\/wp-json\/wp\/v2\/posts"}],"about":[{"href":"https:\/\/servicesforpharmacies.com\/ba\/wp-json\/wp\/v2\/types\/post"}],"author":[{"embeddable":true,"href":"https:\/\/servicesforpharmacies.com\/ba\/wp-json\/wp\/v2\/users\/1"}],"replies":[{"embeddable":true,"href":"https:\/\/servicesforpharmacies.com\/ba\/wp-json\/wp\/v2\/comments?post=359158"}],"version-history":[{"count":0,"href":"https:\/\/servicesforpharmacies.com\/ba\/wp-json\/wp\/v2\/posts\/359158\/revisions"}],"wp:featuredmedia":[{"embeddable":true,"href":"https:\/\/servicesforpharmacies.com\/ba\/wp-json\/wp\/v2\/media\/359011"}],"wp:attachment":[{"href":"https:\/\/servicesforpharmacies.com\/ba\/wp-json\/wp\/v2\/media?parent=359158"}],"wp:term":[{"taxonomy":"category","embeddable":true,"href":"https:\/\/servicesforpharmacies.com\/ba\/wp-json\/wp\/v2\/categories?post=359158"},{"taxonomy":"post_tag","embeddable":true,"href":"https:\/\/servicesforpharmacies.com\/ba\/wp-json\/wp\/v2\/tags?post=359158"}],"curies":[{"name":"wp","href":"https:\/\/api.w.org\/{rel}","templated":true}]}}